{"id":3927,"__str__":"Projeto de Lei n\u00ba 118 de 2025","link_detail_backend":"/materia/3927","metadata":{"signs":{"texto_original":{"admin":[],"autores":[["Agnielde Benici Adorno",["2025-09-30T08:41:02-04:00","ICP-Brasil - Certificado PF A1"]],["Alessandra Varelo de Brito",["2025-09-30T08:40:29-04:00","ICP-Brasil - Certificado PF A1"]],["Braz Carlos Correia",["2025-09-30T08:41:36-04:00","ICP-Brasil - Certificado PF A1"]],["Eber Lopes Reis",["2025-09-30T08:37:12-04:00","ICP-Brasil - Certificado PF A1"]],["Elias Andrade de Lima",["2025-09-30T08:42:31-04:00","ICP-Brasil - Certificado PF A1"]],["Geferson dos Santos",["2025-09-30T08:39:50-04:00","ICP-Brasil - Certificado PF A1"]],["Hermes Bordignon",["2025-09-30T08:43:19-04:00","ICP-Brasil - Certificado PF A1"]],["Jorge Antonio Honorato de Souza",["2025-09-30T08:44:01-04:00","ICP-Brasil - Certificado PF A1"]],["Marcio Domingos dos Santos",["2025-09-30T08:44:43-04:00","ICP-Brasil - Certificado PF A1"]],["Marcio Souza Magalhaes",["2025-09-30T08:39:08-04:00","ICP-Brasil - Certificado PF A1"]],["Ozias Alves dos Santos",["2025-09-30T08:45:26-04:00","ICP-Brasil - Certificado PF A1"]]]}}},"numero":118,"ano":2025,"numero_protocolo":null,"data_apresentacao":"2025-09-26","tipo_apresentacao":"E","data_publicacao":null,"numero_origem_externa":"","ano_origem_externa":null,"data_origem_externa":null,"apelido":"","dias_prazo":null,"data_fim_prazo":null,"em_tramitacao":false,"polemica":false,"objeto":"","complementar":false,"ementa":"\u201cAltera o \u00a75\u00ba do art. 1\u00ba, da Lei Municipal n\u00ba.2.531/2025, e da outras provid\u00eancias\u201d.","indexacao":"\u201c\u00a75\u00ba Poder\u00e1 receber indeniza\u00e7\u00e3o por deslocamento ao campo e por atividade externa urbana os servidores que estiverem recebendo produtividade ou adicional por presta\u00e7\u00e3o de servi\u00e7os extraordin\u00e1rios.\u201d","observacao":"","resultado":"","texto_original":"http://sapl.saofranciscodoguapore.ro.leg.br/media/sapl/public/materialegislativa/2025/3927/pl_no.118-2025_assinado.pdf","data_ultima_atualizacao":"2025-10-23T12:07:53.866619-03:00","ip":"131.161.209.8","ultima_edicao":"2025-09-30T09:46:25.902544-03:00","tipo":9,"regime_tramitacao":3,"tipo_origem_externa":null,"local_origem_externa":null,"user":3,"anexadas":[],"autores":[63,73]}