{"id":3923,"__str__":"Requerimento n\u00ba 541 de 2025","link_detail_backend":"/materia/3923","metadata":{"signs":{"texto_original":{"admin":[],"autores":[["Agnielde Benici Adorno",["2025-10-02T08:28:58-04:00","ICP-Brasil - Certificado PF A1"]],["Alessandra Varelo de Brito",["2025-10-02T08:27:43-04:00","ICP-Brasil - Certificado PF A1"]],["Braz Carlos Correia",["2025-10-02T08:30:18-04:00","ICP-Brasil - Certificado PF A1"]],["Eber Lopes Reis",["2025-10-02T08:25:10-04:00","ICP-Brasil - Certificado PF A1"]],["Elias Andrade de Lima",["2025-10-02T08:31:49-04:00","ICP-Brasil - Certificado PF A1"]],["Geferson dos Santos",["2025-10-02T08:26:22-04:00","ICP-Brasil - Certificado PF A1"]],["Hermes Bordignon",["2025-10-02T08:40:43-04:00","ICP-Brasil - Certificado PF A1"]],["Jorge Antonio Honorato de Souza",["2025-10-02T08:43:07-04:00","ICP-Brasil - Certificado PF A1"]],["Marcio Domingos dos Santos",["2025-10-02T08:47:25-04:00","ICP-Brasil - Certificado PF A1"]],["Marcio Souza Magalhaes",["2025-10-02T08:55:39-04:00","ICP-Brasil - Certificado PF A1"]],["Ozias Alves dos Santos",["2025-10-02T08:50:04-04:00","ICP-Brasil - Certificado PF A1"]]]}}},"numero":541,"ano":2025,"numero_protocolo":645,"data_apresentacao":"2025-09-26","tipo_apresentacao":"E","data_publicacao":null,"numero_origem_externa":"","ano_origem_externa":null,"data_origem_externa":null,"apelido":"","dias_prazo":null,"data_fim_prazo":null,"em_tramitacao":false,"polemica":false,"objeto":"","complementar":false,"ementa":"O informativo sobre o porqu\u00ea de n\u00e3o estar sendo realizando alguns exames, e  sobre a demora dos resultados de exames, \u201cexames esses que demoravam de 30 \u00e0 40 dias, e agora demoram at\u00e9 90 dias, e tamb\u00e9m como anda o processo de compra de insumos.","indexacao":"","observacao":"","resultado":"","texto_original":"http://sapl.saofranciscodoguapore.ro.leg.br/media/sapl/public/materialegislativa/2025/3923/requerimento_541-2025_eber_assinado.pdf","data_ultima_atualizacao":"2025-10-06T10:07:27.654660-03:00","ip":"131.161.209.8","ultima_edicao":"2025-10-06T10:07:26.775182-03:00","tipo":14,"regime_tramitacao":3,"tipo_origem_externa":null,"local_origem_externa":null,"user":3,"anexadas":[],"autores":[63]}