{"id":3918,"__str__":"Requerimento n\u00ba 537 de 2025","link_detail_backend":"/materia/3918","metadata":{"signs":{"texto_original":{"admin":[],"autores":[["Agnielde Benici Adorno",["2025-10-02T08:11:46-04:00","ICP-Brasil - Certificado PF A1"]],["Alessandra Varelo de Brito",["2025-10-02T08:13:15-04:00","ICP-Brasil - Certificado PF A1"]],["Braz Carlos Correia",["2025-10-02T08:10:17-04:00","ICP-Brasil - Certificado PF A1"]],["Eber Lopes Reis",["2025-10-02T08:00:36-04:00","ICP-Brasil - Certificado PF A1"]],["Elias Andrade de Lima",["2025-10-02T08:08:43-04:00","ICP-Brasil - Certificado PF A1"]],["Geferson dos Santos",["2025-10-02T08:14:53-04:00","ICP-Brasil - Certificado PF A1"]],["Hermes Bordignon",["2025-10-02T08:06:55-04:00","ICP-Brasil - Certificado PF A1"]],["Jorge Antonio Honorato de Souza",["2025-10-02T08:05:43-04:00","ICP-Brasil - Certificado PF A1"]],["Marcio Domingos dos Santos",["2025-10-02T08:04:00-04:00","ICP-Brasil - Certificado PF A1"]],["Marcio Souza Magalhaes",["2025-10-02T07:55:06-04:00","ICP-Brasil - Certificado PF A1"]],["Ozias Alves dos Santos",["2025-10-02T08:02:13-04:00","ICP-Brasil - Certificado PF A1"]]]}}},"numero":537,"ano":2025,"numero_protocolo":641,"data_apresentacao":"2025-09-26","tipo_apresentacao":"","data_publicacao":null,"numero_origem_externa":"","ano_origem_externa":null,"data_origem_externa":null,"apelido":"","dias_prazo":null,"data_fim_prazo":null,"em_tramitacao":false,"polemica":false,"objeto":"","complementar":false,"ementa":"Solicita\u00e7\u00e3o de cess\u00e3o de uso do pr\u00e9dio da antiga Escola Jo\u00e3o Mello.","indexacao":"","observacao":"","resultado":"","texto_original":"http://sapl.saofranciscodoguapore.ro.leg.br/media/sapl/public/materialegislativa/2025/3918/requerimento_537-2025_profmarcio_assinado.pdf","data_ultima_atualizacao":"2025-10-06T10:05:21.386469-03:00","ip":"131.161.209.8","ultima_edicao":"2025-10-06T10:05:20.501102-03:00","tipo":14,"regime_tramitacao":3,"tipo_origem_externa":null,"local_origem_externa":null,"user":3,"anexadas":[],"autores":[73]}