{"id":3915,"__str__":"Requerimento n\u00ba 534 de 2025","link_detail_backend":"/materia/3915","metadata":{"signs":{"texto_original":{"admin":[],"autores":[["Agnielde Benici Adorno",["2025-10-01T12:14:54-04:00","ICP-Brasil - Certificado PF A1"]],["Alessandra Varelo de Brito",["2025-10-01T12:14:20-04:00","ICP-Brasil - Certificado PF A1"]],["Braz Carlos Correia",["2025-10-01T12:15:52-04:00","ICP-Brasil - Certificado PF A1"]],["Eber Lopes Reis",["2025-10-01T12:21:44-04:00","ICP-Brasil - Certificado PF A1"]],["Elias Andrade de Lima",["2025-10-01T12:18:52-04:00","ICP-Brasil - Certificado PF A1"]],["Geferson dos Santos",["2025-10-01T12:13:51-04:00","ICP-Brasil - Certificado PF A1"]],["Hermes Bordignon",["2025-10-01T12:19:29-04:00","ICP-Brasil - Certificado PF A1"]],["Jorge Antonio Honorato de Souza",["2025-10-01T12:20:14-04:00","ICP-Brasil - Certificado PF A1"]],["Marcio Domingos dos Santos",["2025-10-01T12:13:01-04:00","ICP-Brasil - Certificado PF A1"]],["Marcio Souza Magalhaes",["2025-10-01T12:22:25-04:00","ICP-Brasil - Certificado PF A1"]],["Ozias Alves dos Santos",["2025-10-01T12:21:04-04:00","ICP-Brasil - Certificado PF A1"]]]}}},"numero":534,"ano":2025,"numero_protocolo":637,"data_apresentacao":"2025-09-26","tipo_apresentacao":"E","data_publicacao":null,"numero_origem_externa":"","ano_origem_externa":null,"data_origem_externa":null,"apelido":"","dias_prazo":null,"data_fim_prazo":null,"em_tramitacao":false,"polemica":false,"objeto":"","complementar":false,"ementa":"Requer autoriza\u00e7\u00e3o para comercializa\u00e7\u00e3o de produtos artesanais nos dias de sess\u00e3o ordin\u00e1ria","indexacao":"","observacao":"O presente requerimento tem como finalidade incentivar e fortalecer os pequenos empreendedores e artes\u00e3os do munic\u00edpio, permitindo que possam expor e comercializar seus produtos em dias de sess\u00e3o desta Casa Legislativa.\r\nA iniciativa contribui para a gera\u00e7\u00e3o de renda, estimula a economia local e aproxima a popula\u00e7\u00e3o da atividade parlamentar, tornando o espa\u00e7o da C\u00e2mara mais inclusivo e socialmente participativo.\r\nA experi\u00eancia da Assembleia Legislativa de Rond\u00f4nia demonstra que a pr\u00e1tica \u00e9 vi\u00e1vel e traz benef\u00edcios diretos \u00e0 comunidade, servindo como refer\u00eancia para a nossa Casa Legislativa","resultado":"","texto_original":"http://sapl.saofranciscodoguapore.ro.leg.br/media/sapl/public/materialegislativa/2025/3915/requerimento_534-2025_marcio_assinado.pdf","data_ultima_atualizacao":"2025-10-06T10:03:58.896925-03:00","ip":"131.161.209.8","ultima_edicao":"2025-10-06T10:03:57.945010-03:00","tipo":14,"regime_tramitacao":3,"tipo_origem_externa":null,"local_origem_externa":null,"user":3,"anexadas":[],"autores":[71]}