{"id":3907,"__str__":"Indica\u00e7\u00e3o n\u00ba 30 de 2025","link_detail_backend":"/materia/3907","metadata":{"signs":{"texto_original":{"admin":[],"autores":[["Agnielde Benici Adorno",["2025-10-01T08:38:18-04:00","ICP-Brasil - Certificado PF A1"]],["Alessandra Varelo de Brito",["2025-10-01T08:30:58-04:00","ICP-Brasil - Certificado PF A1"]],["Braz Carlos Correia",["2025-10-01T08:32:37-04:00","ICP-Brasil - Certificado PF A1"]],["Eber Lopes Reis",["2025-10-01T08:39:51-04:00","ICP-Brasil - Certificado PF A1"]],["Elias Andrade de Lima",["2025-10-01T08:33:51-04:00","ICP-Brasil - Certificado PF A1"]],["Geferson dos Santos",["2025-10-01T08:29:48-04:00","ICP-Brasil - Certificado PF A1"]],["Hermes Bordignon",["2025-10-01T08:36:02-04:00","ICP-Brasil - Certificado PF A1"]],["Jorge Antonio Honorato de Souza",["2025-10-01T08:25:55-04:00","ICP-Brasil - Certificado PF A1"]],["Marcio Domingos dos Santos",["2025-10-01T08:50:57-04:00","ICP-Brasil - Certificado PF A1"]],["Marcio Souza Magalhaes",["2025-10-01T08:41:17-04:00","ICP-Brasil - Certificado PF A1"]],["Ozias Alves dos Santos",["2025-10-01T08:53:42-04:00","ICP-Brasil - Certificado PF A1"]]]}}},"numero":30,"ano":2025,"numero_protocolo":629,"data_apresentacao":"2025-09-25","tipo_apresentacao":"E","data_publicacao":null,"numero_origem_externa":"","ano_origem_externa":null,"data_origem_externa":null,"apelido":"","dias_prazo":null,"data_fim_prazo":null,"em_tramitacao":false,"polemica":false,"objeto":"","complementar":false,"ementa":"Implanta\u00e7\u00e3o de Redutor de Velocidade (Quebra-Molas) entre a Rua S\u00e3o Paulo e a Rua Rond\u00f4nia, na Rua Amap\u00e1","indexacao":"","observacao":"O referido trecho da Rua Amap\u00e1, situado entre as Ruas S\u00e3o Paulo e Rond\u00f4nia, tem apresentado crescente fluxo de ve\u00edculos, o que tem gerado preocupa\u00e7\u00e3o entre os moradores locais. A aus\u00eancia de um redutor de velocidade nessa \u00e1rea tem possibilitado que condutores trafeguem acima dos limites seguros, aumentando consideravelmente o risco de acidentes.","resultado":"","texto_original":"http://sapl.saofranciscodoguapore.ro.leg.br/media/sapl/public/materialegislativa/2025/3907/indicacao_no.030-2025-jorge_assinado.pdf","data_ultima_atualizacao":"2025-10-06T09:57:04.335226-03:00","ip":"131.161.209.8","ultima_edicao":"2025-10-06T09:57:03.284619-03:00","tipo":5,"regime_tramitacao":3,"tipo_origem_externa":null,"local_origem_externa":null,"user":3,"anexadas":[],"autores":[74]}