{"id":3895,"__str__":"Requerimento n\u00ba 521 de 2025","link_detail_backend":"/materia/3895","metadata":{"signs":{"texto_original":{"admin":[],"autores":[["Agnielde Benici Adorno",["2025-09-24T11:14:46-04:00","ICP-Brasil - Certificado PF A1"]],["Alessandra Varelo de Brito",["2025-09-24T11:12:41-04:00","ICP-Brasil - Certificado PF A1"]],["Braz Carlos Correia",["2025-09-24T11:17:07-04:00","ICP-Brasil - Certificado PF A1"]],["Eber Lopes Reis",["2025-09-24T11:37:13-04:00","ICP-Brasil - Certificado PF A1"]],["Elias Andrade de Lima",["2025-09-24T11:18:45-04:00","ICP-Brasil - Certificado PF A1"]],["Geferson dos Santos",["2025-09-24T11:13:38-04:00","ICP-Brasil - Certificado PF A1"]],["Hermes Bordignon",["2025-09-24T11:19:40-04:00","ICP-Brasil - Certificado PF A1"]],["Jorge Antonio Honorato de Souza",["2025-09-24T11:21:20-04:00","ICP-Brasil - Certificado PF A1"]],["Marcio Domingos dos Santos",["2025-09-24T11:23:00-04:00","ICP-Brasil - Certificado PF A1"]],["Marcio Souza Magalhaes",["2025-09-24T11:38:22-04:00","ICP-Brasil - Certificado PF A1"]]]}}},"numero":521,"ano":2025,"numero_protocolo":617,"data_apresentacao":"2025-09-19","tipo_apresentacao":"","data_publicacao":null,"numero_origem_externa":"","ano_origem_externa":null,"data_origem_externa":null,"apelido":"","dias_prazo":null,"data_fim_prazo":null,"em_tramitacao":false,"polemica":false,"objeto":"","complementar":false,"ementa":"Disponibilizar a contrata\u00e7\u00e3o do prot\u00e9tico para dar in\u00edcio a confec\u00e7\u00f5es das pr\u00f3teses dentarias.","indexacao":"","observacao":"","resultado":"","texto_original":"http://sapl.saofranciscodoguapore.ro.leg.br/media/sapl/public/materialegislativa/2025/3895/requerimento_no.521-2025-alessandra_assinado.pdf","data_ultima_atualizacao":"2025-09-24T13:14:42.723278-03:00","ip":"131.161.209.8","ultima_edicao":"2025-09-24T13:14:41.732761-03:00","tipo":14,"regime_tramitacao":3,"tipo_origem_externa":null,"local_origem_externa":null,"user":3,"anexadas":[],"autores":[72]}