{"id":3894,"__str__":"Requerimento n\u00ba 520 de 2025","link_detail_backend":"/materia/3894","metadata":{"signs":{"texto_original":{"admin":[],"autores":[["Agnielde Benici Adorno",["2025-09-24T10:56:25-04:00","ICP-Brasil - Certificado PF A1"]],["Alessandra Varelo de Brito",["2025-09-24T10:53:48-04:00","ICP-Brasil - Certificado PF A1"]],["Braz Carlos Correia",["2025-09-24T10:57:44-04:00","ICP-Brasil - Certificado PF A1"]],["Eber Lopes Reis",["2025-09-24T10:52:05-04:00","ICP-Brasil - Certificado PF A1"]],["Elias Andrade de Lima",["2025-09-24T10:58:47-04:00","ICP-Brasil - Certificado PF A1"]],["Geferson dos Santos",["2025-09-24T10:52:56-04:00","ICP-Brasil - Certificado PF A1"]],["Hermes Bordignon",["2025-09-24T11:02:35-04:00","ICP-Brasil - Certificado PF A1"]],["Jorge Antonio Honorato de Souza",["2025-09-24T11:04:09-04:00","ICP-Brasil - Certificado PF A1"]],["Marcio Domingos dos Santos",["2025-09-24T11:05:56-04:00","ICP-Brasil - Certificado PF A1"]],["Marcio Souza Magalhaes",["2025-09-24T11:09:37-04:00","ICP-Brasil - Certificado PF A1"]]]}}},"numero":520,"ano":2025,"numero_protocolo":616,"data_apresentacao":"2025-09-19","tipo_apresentacao":"E","data_publicacao":null,"numero_origem_externa":"","ano_origem_externa":null,"data_origem_externa":null,"apelido":"","dias_prazo":null,"data_fim_prazo":null,"em_tramitacao":true,"polemica":false,"objeto":"","complementar":false,"ementa":"Que seja feita a manuten\u00e7\u00e3o da ilumina\u00e7\u00e3o, a troca de l\u00e2mpadas queimadas na Rua Airton Senna entre a Rua Ronaldo Arag\u00e3o e Rua Campo Sales cidade baixa.","indexacao":"O Vereador que o presente subscreve, vem respeitosamente \u00e0 presen\u00e7a da Mesa Diretora desta Augusta C\u00e2mara Municipal, REQUERER que depois de ouvido o Douto Plen\u00e1rio, com suped\u00e2neo no Regimento Interno deste Corpo Colegiado, a APROVA\u00c7\u00c3O deste REQUERIMENTO e posterior envio e posterior envio a Exmo. Sr. Prefeito Municipal, atrav\u00e9s da Secretaria de Infraestrutura (SEINFRA) que seja feita a manuten\u00e7\u00e3o da ilumina\u00e7\u00e3o, a troca de l\u00e2mpadas queimadas na Rua Airton Senna entre a Rua Ronaldo Arag\u00e3o e Rua Campo Sales.","observacao":"","resultado":"","texto_original":"http://sapl.saofranciscodoguapore.ro.leg.br/media/sapl/public/materialegislativa/2025/3894/requerimento_no.520-2025-eber_assinado.pdf","data_ultima_atualizacao":"2025-09-24T13:13:16.065752-03:00","ip":"131.161.209.8","ultima_edicao":"2025-09-24T13:13:14.998140-03:00","tipo":14,"regime_tramitacao":3,"tipo_origem_externa":null,"local_origem_externa":null,"user":3,"anexadas":[],"autores":[63]}