{"id":3893,"__str__":"Requerimento n\u00ba 519 de 2025","link_detail_backend":"/materia/3893","metadata":{"signs":{"texto_original":{"admin":[],"autores":[["Agnielde Benici Adorno",["2025-09-24T10:56:48-04:00","ICP-Brasil - Certificado PF A1"]],["Alessandra Varelo de Brito",["2025-09-24T10:54:05-04:00","ICP-Brasil - Certificado PF A1"]],["Braz Carlos Correia",["2025-09-24T10:58:09-04:00","ICP-Brasil - Certificado PF A1"]],["Eber Lopes Reis",["2025-09-24T10:52:14-04:00","ICP-Brasil - Certificado PF A1"]],["Elias Andrade de Lima",["2025-09-24T10:59:18-04:00","ICP-Brasil - Certificado PF A1"]],["Geferson dos Santos",["2025-09-24T10:53:09-04:00","ICP-Brasil - Certificado PF A1"]],["Hermes Bordignon",["2025-09-24T11:03:12-04:00","ICP-Brasil - Certificado PF A1"]],["Jorge Antonio Honorato de Souza",["2025-09-24T11:04:47-04:00","ICP-Brasil - Certificado PF A1"]],["Marcio Domingos dos Santos",["2025-09-24T11:06:37-04:00","ICP-Brasil - Certificado PF A1"]],["Marcio Souza Magalhaes",["2025-09-24T11:10:54-04:00","ICP-Brasil - Certificado PF A1"]]]}}},"numero":519,"ano":2025,"numero_protocolo":615,"data_apresentacao":"2025-09-19","tipo_apresentacao":"E","data_publicacao":null,"numero_origem_externa":"","ano_origem_externa":null,"data_origem_externa":null,"apelido":"","dias_prazo":null,"data_fim_prazo":null,"em_tramitacao":true,"polemica":false,"objeto":"","complementar":false,"ementa":"Que seja feita a manuten\u00e7\u00e3o da ilumina\u00e7\u00e3o, a troca de l\u00e2mpadas queimadas na Rua Ronaldo Arag\u00e3o entre a avenida Paran\u00e1 e Rua Princesa Isabel cidade baixa.","indexacao":"","observacao":"","resultado":"","texto_original":"http://sapl.saofranciscodoguapore.ro.leg.br/media/sapl/public/materialegislativa/2025/3893/requerimento_no.519-2025-eber_assinado.pdf","data_ultima_atualizacao":"2025-09-24T13:12:56.935919-03:00","ip":"131.161.209.8","ultima_edicao":"2025-09-24T13:12:55.751180-03:00","tipo":14,"regime_tramitacao":3,"tipo_origem_externa":null,"local_origem_externa":null,"user":3,"anexadas":[],"autores":[63]}