{"id":3888,"__str__":"Requerimento n\u00ba 515 de 2025","link_detail_backend":"/materia/3888","metadata":{"signs":{"texto_original":{"admin":[],"autores":[["Agnielde Benici Adorno",["2025-09-24T08:53:37-04:00","ICP-Brasil - Certificado PF A1"]],["Alessandra Varelo de Brito",["2025-09-24T08:51:33-04:00","ICP-Brasil - Certificado PF A1"]],["Braz Carlos Correia",["2025-09-24T08:55:27-04:00","ICP-Brasil - Certificado PF A1"]],["Eber Lopes Reis",["2025-09-24T10:18:24-04:00","ICP-Brasil - Certificado PF A1"]],["Elias Andrade de Lima",["2025-09-24T08:56:57-04:00","ICP-Brasil - Certificado PF A1"]],["Geferson dos Santos",["2025-09-24T08:50:38-04:00","ICP-Brasil - Certificado PF A1"]],["Hermes Bordignon",["2025-09-24T08:58:25-04:00","ICP-Brasil - Certificado PF A1"]],["Jorge Antonio Honorato de Souza",["2025-09-24T09:00:30-04:00","ICP-Brasil - Certificado PF A1"]],["Marcio Domingos dos Santos",["2025-09-24T08:49:44-04:00","ICP-Brasil - Certificado PF A1"]],["Marcio Souza Magalhaes",["2025-09-24T10:24:29-04:00","ICP-Brasil - Certificado PF A1"]]]}}},"numero":515,"ano":2025,"numero_protocolo":611,"data_apresentacao":"2025-09-18","tipo_apresentacao":"E","data_publicacao":null,"numero_origem_externa":"","ano_origem_externa":null,"data_origem_externa":null,"apelido":"","dias_prazo":null,"data_fim_prazo":null,"em_tramitacao":true,"polemica":false,"objeto":"","complementar":false,"ementa":"Requer a ilumina\u00e7\u00e3o do campo de futebol da Linha 75, em S\u00e3o Francisco do Guapor\u00e9 \u2013RO.","indexacao":"","observacao":"O campo de futebol da Linha 75 \u00e9 amplamente utilizado pela comunidade local como espa\u00e7o de lazer, recrea\u00e7\u00e3o e pr\u00e1tica esportiva, especialmente por jovens. Entretanto, a falta de ilumina\u00e7\u00e3o adequada tem limitado o uso do espa\u00e7o ao per\u00edodo diurno, inviabilizando atividades noturnas e reduzindo a seguran\u00e7a dos frequentadores.\r\nA ilumina\u00e7\u00e3o deste espa\u00e7o proporcionar\u00e1 melhores condi\u00e7\u00f5es para o desenvolvimento de pr\u00e1ticas esportivas e eventos comunit\u00e1rios, al\u00e9m de contribuir para a integra\u00e7\u00e3o social e a qualidade de vida dos moradores da regi\u00e3o.","resultado":"","texto_original":"http://sapl.saofranciscodoguapore.ro.leg.br/media/sapl/public/materialegislativa/2025/3888/requerimento_no.515-2025-marcio_assinado.pdf","data_ultima_atualizacao":"2025-09-24T13:09:10.457311-03:00","ip":"131.161.209.8","ultima_edicao":"2025-09-24T13:09:09.503557-03:00","tipo":14,"regime_tramitacao":3,"tipo_origem_externa":null,"local_origem_externa":null,"user":3,"anexadas":[],"autores":[71]}