{"id":3887,"__str__":"Requerimento n\u00ba 514 de 2025","link_detail_backend":"/materia/3887","metadata":{"signs":{"texto_original":{"admin":[],"autores":[["Agnielde Benici Adorno",["2025-09-24T08:54:26-04:00","ICP-Brasil - Certificado PF A1"]],["Alessandra Varelo de Brito",["2025-09-24T08:51:59-04:00","ICP-Brasil - Certificado PF A1"]],["Braz Carlos Correia",["2025-09-24T08:56:11-04:00","ICP-Brasil - Certificado PF A1"]],["Eber Lopes Reis",["2025-09-24T10:20:29-04:00","ICP-Brasil - Certificado PF A1"]],["Elias Andrade de Lima",["2025-09-24T08:57:40-04:00","ICP-Brasil - Certificado PF A1"]],["Geferson dos Santos",["2025-09-24T08:51:00-04:00","ICP-Brasil - Certificado PF A1"]],["Hermes Bordignon",["2025-09-24T08:59:33-04:00","ICP-Brasil - Certificado PF A1"]],["Jorge Antonio Honorato de Souza",["2025-09-24T09:01:32-04:00","ICP-Brasil - Certificado PF A1"]],["Marcio Domingos dos Santos",["2025-09-24T08:49:57-04:00","ICP-Brasil - Certificado PF A1"]],["Marcio Souza Magalhaes",["2025-09-24T10:25:53-04:00","ICP-Brasil - Certificado PF A1"]]]}}},"numero":514,"ano":2025,"numero_protocolo":610,"data_apresentacao":"2025-09-18","tipo_apresentacao":"E","data_publicacao":null,"numero_origem_externa":"","ano_origem_externa":null,"data_origem_externa":null,"apelido":"","dias_prazo":null,"data_fim_prazo":null,"em_tramitacao":true,"polemica":false,"objeto":"","complementar":false,"ementa":"Requer a de manuten\u00e7\u00e3o e ilumina\u00e7\u00e3o da quadra de esportes da comunidade Vila Rica, localizada na Linha 75, em S\u00e3o Francisco do Guapor\u00e9 \u2013RO","indexacao":"","observacao":"A referida quadra de esportes \u00e9 um espa\u00e7o de conviv\u00eancia, lazer e pr\u00e1tica esportiva utilizado por crian\u00e7as, jovens e demais moradores da regi\u00e3o. Atualmente, encontra-se em situa\u00e7\u00e3o prec\u00e1ria, carecendo de reparos estruturais e de ilumina\u00e7\u00e3o adequada, o que compromete o uso do espa\u00e7o, principalmente no per\u00edodo noturno.\r\nA manuten\u00e7\u00e3o e a instala\u00e7\u00e3o de ilumina\u00e7\u00e3o trar\u00e3o mais seguran\u00e7a, incentivo \u00e0s pr\u00e1ticas esportivas e melhor qualidade de vida \u00e0 comunidade local, atendendo a uma reivindica\u00e7\u00e3o justa da popula\u00e7\u00e3o da Vila Rica.","resultado":"","texto_original":"http://sapl.saofranciscodoguapore.ro.leg.br/media/sapl/public/materialegislativa/2025/3887/requerimento_no.514-2025-marcio_assinado.pdf","data_ultima_atualizacao":"2025-09-24T13:08:02.366963-03:00","ip":"131.161.209.8","ultima_edicao":"2025-09-24T13:08:01.380865-03:00","tipo":14,"regime_tramitacao":3,"tipo_origem_externa":null,"local_origem_externa":null,"user":3,"anexadas":[],"autores":[71]}