{"id":3886,"__str__":"Requerimento n\u00ba 513 de 2025","link_detail_backend":"/materia/3886","metadata":{"signs":{"texto_original":{"admin":[],"autores":[["Agnielde Benici Adorno",["2025-09-24T08:54:07-04:00","ICP-Brasil - Certificado PF A1"]],["Alessandra Varelo de Brito",["2025-09-24T08:51:51-04:00","ICP-Brasil - Certificado PF A1"]],["Braz Carlos Correia",["2025-09-24T08:55:59-04:00","ICP-Brasil - Certificado PF A1"]],["Eber Lopes Reis",["2025-09-24T10:19:38-04:00","ICP-Brasil - Certificado PF A1"]],["Elias Andrade de Lima",["2025-09-24T08:57:26-04:00","ICP-Brasil - Certificado PF A1"]],["Geferson dos Santos",["2025-09-24T08:50:54-04:00","ICP-Brasil - Certificado PF A1"]],["Hermes Bordignon",["2025-09-24T08:59:12-04:00","ICP-Brasil - Certificado PF A1"]],["Jorge Antonio Honorato de Souza",["2025-09-24T09:01:12-04:00","ICP-Brasil - Certificado PF A1"]],["Marcio Domingos dos Santos",["2025-09-24T08:49:53-04:00","ICP-Brasil - Certificado PF A1"]],["Marcio Souza Magalhaes",["2025-09-24T10:25:20-04:00","ICP-Brasil - Certificado PF A1"]]]}}},"numero":513,"ano":2025,"numero_protocolo":609,"data_apresentacao":"2025-09-18","tipo_apresentacao":"E","data_publicacao":null,"numero_origem_externa":"","ano_origem_externa":null,"data_origem_externa":null,"apelido":"","dias_prazo":null,"data_fim_prazo":null,"em_tramitacao":true,"polemica":false,"objeto":"","complementar":false,"ementa":"Requer a contrata\u00e7\u00e3o de empresa de vigil\u00e2ncia para pra\u00e7as e avenidas com ilumina\u00e7\u00e3o p\u00fablica em S\u00e3o Francisco do Guapor\u00e9\u2013RO","indexacao":"","observacao":"O munic\u00edpio de S\u00e3o Francisco do Guapor\u00e9 tem enfrentado recorrentes furtos de cabos de energia el\u00e9trica instalados em pra\u00e7as e avenidas, o que tem causado s\u00e9rios preju\u00edzos \u00e0 popula\u00e7\u00e3o, ao er\u00e1rio e comprometido a seguran\u00e7a p\u00fablica. A aus\u00eancia de ilumina\u00e7\u00e3o em locais p\u00fablicos gera inseguran\u00e7a, inibe o conv\u00edvio social e facilita a pr\u00e1tica de delitos.\r\nA contrata\u00e7\u00e3o de uma empresa especializada em vigil\u00e2ncia contribuir\u00e1 para a prote\u00e7\u00e3o do patrim\u00f4nio p\u00fablico, a preserva\u00e7\u00e3o dos investimentos realizados pela administra\u00e7\u00e3o municipal e, principalmente, para a seguran\u00e7a e bem-estar da comunidade.","resultado":"","texto_original":"http://sapl.saofranciscodoguapore.ro.leg.br/media/sapl/public/materialegislativa/2025/3886/requerimento_no.513-2025-marcio_assinado.pdf","data_ultima_atualizacao":"2025-09-24T13:07:10.644123-03:00","ip":"131.161.209.8","ultima_edicao":"2025-09-24T13:07:09.689355-03:00","tipo":14,"regime_tramitacao":3,"tipo_origem_externa":null,"local_origem_externa":null,"user":3,"anexadas":[],"autores":[71]}