{"id":3877,"__str__":"Indica\u00e7\u00e3o n\u00ba 29 de 2025","link_detail_backend":"/materia/3877","metadata":{"signs":{"texto_original":{"admin":[],"autores":[["Agnielde Benici Adorno",["2025-09-24T08:36:25-04:00","ICP-Brasil - Certificado PF A1"]],["Alessandra Varelo de Brito",["2025-09-24T08:38:01-04:00","ICP-Brasil - Certificado PF A1"]],["Braz Carlos Correia",["2025-09-24T08:38:48-04:00","ICP-Brasil - Certificado PF A1"]],["Eber Lopes Reis",["2025-09-24T08:46:51-04:00","ICP-Brasil - Certificado PF A1"]],["Elias Andrade de Lima",["2025-09-24T08:39:38-04:00","ICP-Brasil - Certificado PF A1"]],["Geferson dos Santos",["2025-09-24T08:37:24-04:00","ICP-Brasil - Certificado PF A1"]],["Hermes Bordignon",["2025-09-24T08:40:53-04:00","ICP-Brasil - Certificado PF A1"]],["Jorge Antonio Honorato de Souza",["2025-09-24T08:42:31-04:00","ICP-Brasil - Certificado PF A1"]],["Marcio Domingos dos Santos",["2025-09-24T08:45:31-04:00","ICP-Brasil - Certificado PF A1"]],["Marcio Souza Magalhaes",["2025-09-24T08:48:09-04:00","ICP-Brasil - Certificado PF A1"]]]}}},"numero":29,"ano":2025,"numero_protocolo":600,"data_apresentacao":"2025-09-16","tipo_apresentacao":"E","data_publicacao":null,"numero_origem_externa":"","ano_origem_externa":null,"data_origem_externa":null,"apelido":"","dias_prazo":null,"data_fim_prazo":null,"em_tramitacao":true,"polemica":false,"objeto":"","complementar":false,"ementa":"Indica \u00e0 Secretaria Municipal de Infraestrutura e Servi\u00e7os P\u00fablicos, para que seja realizado estudo t\u00e9cnico e elabora\u00e7\u00e3o de projeto de estacionamento na\r\nAvenida Guapor\u00e9, sentido Costa Marques, de modo que os ve\u00edculos fiquem estacionados na forma vertical (de frente para a BR).","indexacao":"","observacao":"A presente indica\u00e7\u00e3o tem como finalidade atender \u00e0 necessidade de melhor aproveitamento do espa\u00e7o p\u00fablico dispon\u00edvel. Atualmente, a Avenida Guapor\u00e9 possui pouco espa\u00e7o para estacionamento, o que gera dificuldades tanto para os condutores quanto para os comerciantes locais. O estacionamento vertical permitir\u00e1 ampliar o n\u00famero de vagas, organizar o fluxo de ve\u00edculos e oferecer maior seguran\u00e7a aos motoristas e pedestres. Al\u00e9m disso, a medida contribuir\u00e1 para valorizar a regi\u00e3o central e fortalecer o com\u00e9rcio, que depende diretamente de boas condi\u00e7\u00f5es de acessibilidade e mobilidade.","resultado":"","texto_original":"http://sapl.saofranciscodoguapore.ro.leg.br/media/sapl/public/materialegislativa/2025/3877/indicacao_no.29-2025-agnielde_assinado.pdf","data_ultima_atualizacao":"2025-09-24T13:02:38.500334-03:00","ip":"131.161.209.8","ultima_edicao":"2025-09-24T13:02:37.420943-03:00","tipo":5,"regime_tramitacao":3,"tipo_origem_externa":null,"local_origem_externa":null,"user":3,"anexadas":[],"autores":[70]}