{"id":3874,"__str__":"Emenda Impositiva n\u00ba 8 de 2025","link_detail_backend":"/materia/3874","metadata":{"signs":{"texto_original":{"admin":[],"autores":[["Agnielde Benici Adorno",["2025-09-16T09:46:29-04:00","ICP-Brasil - Certificado PF A1"]],["Alessandra Varelo de Brito",["2025-09-16T09:45:21-04:00","ICP-Brasil - Certificado PF A1"]],["Braz Carlos Correia",["2025-09-16T09:47:01-04:00","ICP-Brasil - Certificado PF A1"]],["Eber Lopes Reis",["2025-09-16T09:53:04-04:00","ICP-Brasil - Certificado PF A1"]],["Elias Andrade de Lima",["2025-09-16T09:47:45-04:00","ICP-Brasil - Certificado PF A1"]],["Geferson dos Santos",["2025-09-15T11:35:51-04:00","ICP-Brasil - Certificado PF A1"]],["Jorge Antonio Honorato de Souza",["2025-09-16T09:48:21-04:00","ICP-Brasil - Certificado PF A1"]],["Marcio Domingos dos Santos",["2025-09-16T09:50:35-04:00","ICP-Brasil - Certificado PF A1"]],["Marcio Souza Magalhaes",["2025-09-16T09:54:00-04:00","ICP-Brasil - Certificado PF A1"]]]}}},"numero":8,"ano":2025,"numero_protocolo":null,"data_apresentacao":"2025-09-12","tipo_apresentacao":"E","data_publicacao":null,"numero_origem_externa":"","ano_origem_externa":null,"data_origem_externa":null,"apelido":"","dias_prazo":null,"data_fim_prazo":null,"em_tramitacao":false,"polemica":false,"objeto":"","complementar":false,"ementa":"Errata a Emenda Impositiva n\u00ba.25/2024, alterando a distribui\u00e7\u00e3o dos valores da Emenda para a: AMMA - Associa\u00e7\u00e3o Meu Mundo Azul no Vale do Guapor\u00e9.","indexacao":"","observacao":"","resultado":"","texto_original":"http://sapl.saofranciscodoguapore.ro.leg.br/media/sapl/public/materialegislativa/2025/3874/emenda_impositiva_08-2025_geferson_assinado.pdf","data_ultima_atualizacao":"2025-09-17T09:16:23.680486-03:00","ip":"131.161.209.8","ultima_edicao":"2025-09-17T09:16:22.651576-03:00","tipo":27,"regime_tramitacao":3,"tipo_origem_externa":null,"local_origem_externa":null,"user":3,"anexadas":[],"autores":[1]}