{"id":3863,"__str__":"Requerimento n\u00ba 501 de 2025","link_detail_backend":"/materia/3863","metadata":{"signs":{"texto_original":{"admin":[],"autores":[["Agnielde Benici Adorno",["2025-09-16T10:44:04-04:00","ICP-Brasil - Certificado PF A1"]],["Alessandra Varelo de Brito",["2025-09-16T10:45:50-04:00","ICP-Brasil - Certificado PF A1"]],["Braz Carlos Correia",["2025-09-16T10:42:15-04:00","ICP-Brasil - Certificado PF A1"]],["Eber Lopes Reis",["2025-09-16T10:36:51-04:00","ICP-Brasil - Certificado PF A1"]],["Elias Andrade de Lima",["2025-09-16T10:40:34-04:00","ICP-Brasil - Certificado PF A1"]],["Geferson dos Santos",["2025-09-16T10:55:51-04:00","ICP-Brasil - Certificado PF A1"]],["Jorge Antonio Honorato de Souza",["2025-09-16T10:39:17-04:00","ICP-Brasil - Certificado PF A1"]],["Marcio Domingos dos Santos",["2025-09-15T10:45:34-04:00","ICP-Brasil - Certificado PF A1"]],["Marcio Souza Magalhaes",["2025-09-16T10:35:58-04:00","ICP-Brasil - Certificado PF A1"]]]}}},"numero":501,"ano":2025,"numero_protocolo":588,"data_apresentacao":"2025-09-10","tipo_apresentacao":"E","data_publicacao":null,"numero_origem_externa":"","ano_origem_externa":null,"data_origem_externa":null,"apelido":"","dias_prazo":null,"data_fim_prazo":null,"em_tramitacao":false,"polemica":false,"objeto":"","complementar":false,"ementa":"Requer a disponibiliza\u00e7\u00e3o de t\u00e9cnico de Enfermagem para acompanhar pacientes em viagens de exames e mutir\u00f5es de sa\u00fade.","indexacao":"","observacao":"Tal solicita\u00e7\u00e3o tem como objetivo garantir a seguran\u00e7a, o bem-estar e a tranquilidade dos pacientes que precisam viajar em busca de exames e atendimentos especializados, muitas vezes em condi\u00e7\u00f5es delicadas de sa\u00fade. A presen\u00e7a de um profissional habilitado assegura assist\u00eancia imediata em casos de intercorr\u00eancias, oferecendo suporte adequado e humanizado durante todo o deslocamento.\r\nPor se tratar de uma medida que beneficia diretamente a popula\u00e7\u00e3o e fortalece a rede de aten\u00e7\u00e3o \u00e0 sa\u00fade, conto com o apoio dos nobres pares para a aprova\u00e7\u00e3o deste requerimento.","resultado":"","texto_original":"http://sapl.saofranciscodoguapore.ro.leg.br/media/sapl/public/materialegislativa/2025/3863/requerimento_no.501-2025-marcio_assinado.pdf","data_ultima_atualizacao":"2025-09-17T09:08:22.370194-03:00","ip":"131.161.209.8","ultima_edicao":"2025-09-17T09:08:21.347839-03:00","tipo":14,"regime_tramitacao":3,"tipo_origem_externa":null,"local_origem_externa":null,"user":3,"anexadas":[],"autores":[71]}