{"id":3858,"__str__":"Requerimento n\u00ba 496 de 2025","link_detail_backend":"/materia/3858","metadata":{"signs":{"texto_original":{"admin":[],"autores":[["Agnielde Benici Adorno",["2025-09-09T09:24:13-04:00","ICP-Brasil - Certificado PF A1"]],["Alessandra Varelo de Brito",["2025-09-09T09:18:21-04:00","ICP-Brasil - Certificado PF A1"]],["Braz Carlos Correia",["2025-09-09T09:25:02-04:00","ICP-Brasil - Certificado PF A1"]],["Eber Lopes Reis",["2025-09-09T09:31:12-04:00","ICP-Brasil - Certificado PF A1"]],["Elias Andrade de Lima",["2025-09-09T09:25:47-04:00","ICP-Brasil - Certificado PF A1"]],["Geferson dos Santos",["2025-09-09T09:23:27-04:00","ICP-Brasil - Certificado PF A1"]],["Hermes Bordignon",["2025-09-09T09:26:39-04:00","ICP-Brasil - Certificado PF A1"]],["Jorge Antonio Honorato de Souza",["2025-09-09T09:27:34-04:00","ICP-Brasil - Certificado PF A1"]],["Marcio Domingos dos Santos",["2025-09-09T09:28:44-04:00","ICP-Brasil - Certificado PF A1"]],["Marcio Souza Magalhaes",["2025-09-09T09:32:37-04:00","ICP-Brasil - Certificado PF A1"]],["Ozias Alves dos Santos",["2025-09-09T09:29:50-04:00","ICP-Brasil - Certificado PF A1"]]]}}},"numero":496,"ano":2025,"numero_protocolo":null,"data_apresentacao":"2025-09-05","tipo_apresentacao":"E","data_publicacao":null,"numero_origem_externa":"","ano_origem_externa":null,"data_origem_externa":null,"apelido":"","dias_prazo":null,"data_fim_prazo":null,"em_tramitacao":false,"polemica":false,"objeto":"","complementar":false,"ementa":"Requer  a  realiza\u00e7\u00e3o  da  contrata\u00e7\u00e3o  de  servi\u00e7os  de colonoscopia.","indexacao":"","observacao":"O motivo desta solicita\u00e7\u00e3o deve-se ao fato de este procedimento ser essencial para o  diagn\u00f3stico  precoce  e  acompanhamento  cl\u00ednico  de  doen\u00e7as  que, quando identificadas  em  fase  inicial, podem  ser  devidamente  tratadas, garantindo  assim  a continuidade e a efic\u00e1cia dos cuidados m\u00e9dicos necess\u00e1rios.\r\nDiante  do  exposto,  e  no  intuito  de  proporcionar  melhoria  no  atendimento  aos pacientes.  Solicito  apoio  dos  nobres  colegas  na  aprova\u00e7\u00e3o  deste Requerimento,  e desde j\u00e1, agrade\u00e7o.","resultado":"","texto_original":"http://sapl.saofranciscodoguapore.ro.leg.br/media/sapl/public/materialegislativa/2025/3858/requerimento_no.496-2025-alessandra_assinado.pdf","data_ultima_atualizacao":"2025-09-09T13:13:10.375936-03:00","ip":"131.161.209.8","ultima_edicao":"2025-09-09T13:13:09.309957-03:00","tipo":14,"regime_tramitacao":3,"tipo_origem_externa":null,"local_origem_externa":null,"user":3,"anexadas":[],"autores":[72]}