{"id":3853,"__str__":"Indica\u00e7\u00e3o n\u00ba 27 de 2025","link_detail_backend":"/materia/3853","metadata":{"signs":{"texto_original":{"admin":[],"autores":[["Agnielde Benici Adorno",["2025-09-09T09:05:00-04:00","ICP-Brasil - Certificado PF A1"]],["Alessandra Varelo de Brito",["2025-09-09T09:04:17-04:00","ICP-Brasil - Certificado PF A1"]],["Braz Carlos Correia",["2025-09-09T09:05:51-04:00","ICP-Brasil - Certificado PF A1"]],["Eber Lopes Reis",["2025-09-09T09:11:53-04:00","ICP-Brasil - Certificado PF A1"]],["Elias Andrade de Lima",["2025-09-09T09:06:54-04:00","ICP-Brasil - Certificado PF A1"]],["Geferson dos Santos",["2025-09-09T09:16:56-04:00","ICP-Brasil - Certificado PF A1"]],["Hermes Bordignon",["2025-09-09T09:07:57-04:00","ICP-Brasil - Certificado PF A1"]],["Jorge Antonio Honorato de Souza",["2025-09-09T09:09:07-04:00","ICP-Brasil - Certificado PF A1"]],["Marcio Domingos dos Santos",["2025-09-09T09:02:21-04:00","ICP-Brasil - Certificado PF A1"]],["Marcio Souza Magalhaes",["2025-09-09T09:14:21-04:00","ICP-Brasil - Certificado PF A1"]],["Ozias Alves dos Santos",["2025-09-09T09:10:26-04:00","ICP-Brasil - Certificado PF A1"]]]}}},"numero":27,"ano":2025,"numero_protocolo":581,"data_apresentacao":"2025-09-04","tipo_apresentacao":"E","data_publicacao":null,"numero_origem_externa":"","ano_origem_externa":null,"data_origem_externa":null,"apelido":"","dias_prazo":null,"data_fim_prazo":null,"em_tramitacao":false,"polemica":false,"objeto":"","complementar":false,"ementa":"Indico ao Poder Executivo Municipal a necessidade de pavimenta\u00e7\u00e3o asf\u00e1ltica das vias internas do Parque de Exposi\u00e7\u00f5es APRF.","indexacao":"","observacao":"O Parque de Exposi\u00e7\u00f5es APRF \u00e9 um espa\u00e7o de grande relev\u00e2ncia para S\u00e3o Francisco do Guapor\u00e9, pois abriga eventos agropecu\u00e1rios, culturais e sociais que movimentam a economia do munic\u00edpio, fomentando o com\u00e9rcio local e fortalecendo o setor produtivo.\r\nAtualmente, as condi\u00e7\u00f5es das vias internas n\u00e3o s\u00e3o adequadas, sobretudo em per\u00edodos de chuvas, quando o tr\u00e1fego de ve\u00edculos e pedestres \u00e9 prejudicado. Isso gera desconforto aos visitantes e dificuldades para expositores e trabalhadores que dependem de boas condi\u00e7\u00f5es de acesso para expor produtos, animais e implementos agr\u00edcolas.\r\nA pavimenta\u00e7\u00e3o trar\u00e1 melhor organiza\u00e7\u00e3o, conforto e seguran\u00e7a aos cidad\u00e3os que frequentam o parque, al\u00e9m de valorizar a estrutura p\u00fablica e ampliar a capacidade de S\u00e3o Francisco do Guapor\u00e9 de receber eventos de maior porte. Trata-se de um investimento que beneficia n\u00e3o apenas o setor agropecu\u00e1rio, mas toda a comunidade, tornando o Parque um cart\u00e3o de visitas mais atrativo para a regi\u00e3o.","resultado":"","texto_original":"http://sapl.saofranciscodoguapore.ro.leg.br/media/sapl/public/materialegislativa/2025/3853/indicacao_no.27-2025-marcio_assinado.pdf","data_ultima_atualizacao":"2025-09-09T13:09:12.974074-03:00","ip":"131.161.209.8","ultima_edicao":"2025-09-09T13:09:11.099739-03:00","tipo":5,"regime_tramitacao":3,"tipo_origem_externa":null,"local_origem_externa":null,"user":3,"anexadas":[],"autores":[71]}