{"id":384,"__str__":"Requerimento n\u00ba 3 de 2020","link_detail_backend":"/materia/384","metadata":{},"numero":3,"ano":2020,"numero_protocolo":null,"data_apresentacao":"2020-02-12","tipo_apresentacao":"E","data_publicacao":null,"numero_origem_externa":"3","ano_origem_externa":2020,"data_origem_externa":"2020-02-12","apelido":"","dias_prazo":null,"data_fim_prazo":null,"em_tramitacao":false,"polemica":false,"objeto":"","complementar":null,"ementa":"O Vereador que o presente subscreve, vem respeitosamente \u00e0 presen\u00e7a da Mesa Diretora desta Augusta C\u00e2mara Municipal, REQUERER que depois de ouvido o Douto Plen\u00e1rio, com suped\u00e2neo no Regimento Interno deste Corpo Colegiado, a APROVA\u00c7\u00c3O deste REQUERIMENTO e posterior envio a Exma. Sr\u00aa. Prefeita Municipal, e a mesma providencie a inclus\u00e3o de gratifica\u00e7\u00f5es no vencimento dos Servidores da Administra\u00e7\u00e3o Municipal, sendo aux\u00edlio alimenta\u00e7\u00e3o e aux\u00edlio sa\u00fade.","indexacao":"","observacao":"Hoje vemos a remunera\u00e7\u00e3o de nossos servidores defasada em rela\u00e7\u00e3o aos servidores do Estado, devido aos Aux\u00edlios que os servidores recebem e os nossos servidores do munic\u00edpio n\u00e3o tem esses aux\u00edlios, por isso, pe\u00e7o que seja implantado em nosso munic\u00edpio, auxilio alimenta\u00e7\u00e3o e sa\u00fade, para ajudar nossos servidores com a perca em rela\u00e7\u00e3o a infla\u00e7\u00e3o dos alimentos que sempre est\u00e1 tendo reajuste, o mesmo em rela\u00e7\u00e3o com a sa\u00fade que muitos tem enormes gastos nas farm\u00e1cias com rem\u00e9dios, por isso, vejo a necessidade de ajudar nossos servidores com a implanta\u00e7\u00e3o desses aux\u00edlios em seus vencimentos.","resultado":"","texto_original":"http://sapl.saofranciscodoguapore.ro.leg.br/media/sapl/public/materialegislativa/2020/384/requerimento_003-2020.pdf","data_ultima_atualizacao":"2020-02-18T13:26:12.629930-03:00","ip":"131.161.210.75","ultima_edicao":null,"tipo":14,"regime_tramitacao":3,"tipo_origem_externa":14,"local_origem_externa":3,"user":2,"anexadas":[],"autores":[2]}