{"id":3845,"__str__":"Requerimento n\u00ba 487 de 2025","link_detail_backend":"/materia/3845","metadata":{"signs":{"texto_original":{"admin":[],"autores":[["Agnielde Benici Adorno",["2025-09-02T09:01:55-04:00","ICP-Brasil - Certificado PF A1"]],["Alessandra Varelo de Brito",["2025-09-02T09:04:19-04:00","ICP-Brasil - Certificado PF A1"]],["Braz Carlos Correia",["2025-09-02T09:05:41-04:00","ICP-Brasil - Certificado PF A1"]],["Elias Andrade de Lima",["2025-09-02T09:07:15-04:00","ICP-Brasil - Certificado PF A1"]],["Geferson dos Santos",["2025-09-02T09:02:48-04:00","ICP-Brasil - Certificado PF A1"]],["Hermes Bordignon",["2025-09-02T09:08:46-04:00","ICP-Brasil - Certificado PF A1"]],["Marcio Souza Magalhaes",["2025-09-02T09:10:36-04:00","ICP-Brasil - Certificado PF A1"]]]}}},"numero":487,"ano":2025,"numero_protocolo":573,"data_apresentacao":"2025-08-29","tipo_apresentacao":"E","data_publicacao":null,"numero_origem_externa":"","ano_origem_externa":null,"data_origem_externa":null,"apelido":"","dias_prazo":null,"data_fim_prazo":null,"em_tramitacao":false,"polemica":false,"objeto":"","complementar":false,"ementa":"Requer junto a Secretaria Municipal de Desenvolvimento Social e da Fam\u00edlia que seja realizado o Evento em Comemora\u00e7\u00e3o ao Dia das Crian\u00e7as","indexacao":"","observacao":"A presente solicita\u00e7\u00e3o tem por finalidade proporcionar \u00e0s crian\u00e7as do munic\u00edpio um dia de comemora\u00e7\u00e3o especial. Essa comemora\u00e7\u00e3o faz algum tempo n\u00e3o tem em nosso Munic\u00edpio. A realiza\u00e7\u00e3o desse evento desenvolvem v\u00e1rias atividades recreativas, com brincadeiras, distribui\u00e7\u00e3o de doces, balas e brinquedos, representando um dia descontra\u00e7\u00e3o um momento de lazer, mas tamb\u00e9m uma a\u00e7\u00e3o de valoriza\u00e7\u00e3o da inf\u00e2ncia, contribuindo para o fortalecimento dos la\u00e7os familiares e comunit\u00e1rios.\r\nAl\u00e9m disso, o evento oportuniza \u00e0s crian\u00e7as viv\u00eancias de alegria, inclus\u00e3o e socializa\u00e7\u00e3o, refor\u00e7ando o compromisso do poder p\u00fablico com a promo\u00e7\u00e3o do bem-estar social e com a garantia de direitos previstos no Estatuto da Crian\u00e7a e do Adolescente.","resultado":"","texto_original":"http://sapl.saofranciscodoguapore.ro.leg.br/media/sapl/public/materialegislativa/2025/3845/requerimento_no.487-2025-agnielde_assinado.pdf","data_ultima_atualizacao":"2025-09-02T12:07:09.449760-03:00","ip":"131.161.209.8","ultima_edicao":"2025-09-02T12:07:08.744524-03:00","tipo":14,"regime_tramitacao":3,"tipo_origem_externa":null,"local_origem_externa":null,"user":3,"anexadas":[],"autores":[70]}