{"id":3839,"__str__":"Requerimento n\u00ba 482 de 2025","link_detail_backend":"/materia/3839","metadata":{"signs":{"texto_original":{"admin":[],"autores":[["Agnielde Benici Adorno",["2025-09-02T09:33:13-04:00","ICP-Brasil - Certificado PF A1"]],["Alessandra Varelo de Brito",["2025-09-02T09:34:34-04:00","ICP-Brasil - Certificado PF A1"]],["Braz Carlos Correia",["2025-09-02T09:31:50-04:00","ICP-Brasil - Certificado PF A1"]],["Elias Andrade de Lima",["2025-09-02T09:30:43-04:00","ICP-Brasil - Certificado PF A1"]],["Geferson dos Santos",["2025-09-02T09:36:15-04:00","ICP-Brasil - Certificado PF A1"]],["Hermes Bordignon",["2025-09-02T09:28:16-04:00","ICP-Brasil - Certificado PF A1"]],["Marcio Domingos dos Santos",["2025-09-02T09:23:28-04:00","ICP-Brasil - Certificado PF A1"]],["Marcio Souza Magalhaes",["2025-09-02T09:26:22-04:00","ICP-Brasil - Certificado PF A1"]]]}}},"numero":482,"ano":2025,"numero_protocolo":567,"data_apresentacao":"2025-08-25","tipo_apresentacao":"E","data_publicacao":null,"numero_origem_externa":"","ano_origem_externa":null,"data_origem_externa":null,"apelido":"","dias_prazo":null,"data_fim_prazo":null,"em_tramitacao":false,"polemica":false,"objeto":"","complementar":false,"ementa":"Requer a eleva\u00e7\u00e3o da estrada da Linha 04 (Reta S\u00e3o Pedro) e a instala\u00e7\u00e3o de um bueiro, em S\u00e3o Francisco do Guapor\u00e9- RO.","indexacao":"","observacao":"A presente solicita\u00e7\u00e3o se faz necess\u00e1ria em raz\u00e3o das constantes reclama\u00e7\u00f5es dos moradores e produtores da localidade, que enfrentam dificuldades no tr\u00e1fego, especialmente no per\u00edodo chuvoso, quando ocorrem alagamentos que prejudicam o transporte escolar, o escoamento da produ\u00e7\u00e3o agr\u00edcola e o deslocamento das fam\u00edlias.\r\nCom a eleva\u00e7\u00e3o da estrada e a coloca\u00e7\u00e3o do bueiro, os problemas de ac\u00famulo de \u00e1gua ser\u00e3o minimizados, garantindo maior seguran\u00e7a e qualidade de vida aos moradores da regi\u00e3o.","resultado":"","texto_original":"http://sapl.saofranciscodoguapore.ro.leg.br/media/sapl/public/materialegislativa/2025/3839/requerimento_no.482-2025-marcio_assinado.pdf","data_ultima_atualizacao":"2025-09-02T11:55:37.201159-03:00","ip":"131.161.209.8","ultima_edicao":"2025-09-02T11:55:36.305638-03:00","tipo":14,"regime_tramitacao":3,"tipo_origem_externa":null,"local_origem_externa":null,"user":3,"anexadas":[],"autores":[71]}