{"id":3831,"__str__":"Requerimento n\u00ba 477 de 2025","link_detail_backend":"/materia/3831","metadata":{"signs":{"texto_original":{"admin":[],"autores":[["Agnielde Benici Adorno",["2025-08-25T10:55:44-04:00","ICP-Brasil - Certificado PF A1"]],["Alessandra Varelo de Brito",["2025-08-25T10:46:40-04:00","ICP-Brasil - Certificado PF A1"]],["Braz Carlos Correia",["2025-08-25T10:54:10-04:00","ICP-Brasil - Certificado PF A1"]],["Eber Lopes Reis",["2025-08-25T10:48:42-04:00","ICP-Brasil - Certificado PF A1"]],["Geferson dos Santos",["2025-08-25T10:59:07-04:00","ICP-Brasil - Certificado PF A1"]],["Hermes Bordignon",["2025-08-25T10:52:57-04:00","ICP-Brasil - Certificado PF A1"]],["Jorge Antonio Honorato de Souza",["2025-08-25T10:51:52-04:00","ICP-Brasil - Certificado PF A1"]],["Marcio Domingos dos Santos",["2025-08-25T10:50:52-04:00","ICP-Brasil - Certificado PF A1"]],["Marcio Souza Magalhaes",["2025-08-25T10:47:28-04:00","ICP-Brasil - Certificado PF A1"]],["Ozias Alves dos Santos",["2025-08-25T10:49:39-04:00","ICP-Brasil - Certificado PF A1"]]]}}},"numero":477,"ano":2025,"numero_protocolo":559,"data_apresentacao":"2025-08-22","tipo_apresentacao":"E","data_publicacao":null,"numero_origem_externa":"","ano_origem_externa":null,"data_origem_externa":null,"apelido":"","dias_prazo":null,"data_fim_prazo":null,"em_tramitacao":false,"polemica":false,"objeto":"","complementar":false,"ementa":"REQUER a instala\u00e7\u00e3o de aparelhos de ar condicionado de maior capacidade na \u00e1rea de recep\u00e7\u00e3o de todas as Unidades B\u00e1sicas de Sa\u00fade, garantindo condi\u00e7\u00f5es adequadas de acolhimento e dignidade a todos os cidad\u00e3os.","indexacao":"","observacao":"","resultado":"","texto_original":"http://sapl.saofranciscodoguapore.ro.leg.br/media/sapl/public/materialegislativa/2025/3831/requerimento_no.477-2025-alessandra_assinado.pdf","data_ultima_atualizacao":"2025-10-14T10:19:14.215571-03:00","ip":"131.161.209.8","ultima_edicao":"2025-08-25T12:52:01.223129-03:00","tipo":14,"regime_tramitacao":3,"tipo_origem_externa":null,"local_origem_externa":null,"user":3,"anexadas":[],"autores":[72]}