{"id":3827,"__str__":"Requerimento n\u00ba 473 de 2025","link_detail_backend":"/materia/3827","metadata":{"signs":{"texto_original":{"admin":[],"autores":[["Agnielde Benici Adorno",["2025-08-25T11:02:21-04:00","ICP-Brasil - Certificado PF A1"]],["Alessandra Varelo de Brito",["2025-08-25T11:04:55-04:00","ICP-Brasil - Certificado PF A1"]],["Braz Carlos Correia",["2025-08-25T11:05:38-04:00","ICP-Brasil - Certificado PF A1"]],["Eber Lopes Reis",["2025-08-25T11:10:21-04:00","ICP-Brasil - Certificado PF A1"]],["Geferson dos Santos",["2025-08-25T11:04:19-04:00","ICP-Brasil - Certificado PF A1"]],["Hermes Bordignon",["2025-08-25T11:06:23-04:00","ICP-Brasil - Certificado PF A1"]],["Jorge Antonio Honorato de Souza",["2025-08-25T11:07:11-04:00","ICP-Brasil - Certificado PF A1"]],["Marcio Domingos dos Santos",["2025-08-25T11:08:01-04:00","ICP-Brasil - Certificado PF A1"]],["Marcio Souza Magalhaes",["2025-08-25T11:12:11-04:00","ICP-Brasil - Certificado PF A1"]],["Ozias Alves dos Santos",["2025-08-25T11:09:02-04:00","ICP-Brasil - Certificado PF A1"]]]}}},"numero":473,"ano":2025,"numero_protocolo":555,"data_apresentacao":"2025-08-22","tipo_apresentacao":"E","data_publicacao":null,"numero_origem_externa":"","ano_origem_externa":null,"data_origem_externa":null,"apelido":"","dias_prazo":null,"data_fim_prazo":null,"em_tramitacao":false,"polemica":false,"objeto":"","complementar":false,"ementa":"Requer junto a secretaria Municipal de Infraestrutura e Servi\u00e7os P\u00fablicos, Informa\u00e7\u00f5es a respeito do andamento da manuten\u00e7\u00e3o e reforma do Portal da Cidade, especificando o est\u00e1gio atual da obra, prazos previstos para conclus\u00e3o.","indexacao":"","observacao":"Sabemos da import\u00e2ncia do Portal da Cidade, por se tratar de um dos principais s\u00edmbolos do munic\u00edpio, representando um marco de acolhida aos visitantes e de identidade para a popula\u00e7\u00e3o local. Al\u00e9m de sua relev\u00e2ncia cultural, o Portal tamb\u00e9m contribui para a valoriza\u00e7\u00e3o urbana e tur\u00edstica de S\u00e3o Francisco do Guapor\u00e9, motivo pelo qual sua manuten\u00e7\u00e3o Conto com apoio dos nobres colegas.","resultado":"","texto_original":"http://sapl.saofranciscodoguapore.ro.leg.br/media/sapl/public/materialegislativa/2025/3827/requerimento_no.473-2025-agnielde_assinado.pdf","data_ultima_atualizacao":"2025-10-14T10:19:11.833781-03:00","ip":"131.161.209.8","ultima_edicao":"2025-08-25T12:44:50.234869-03:00","tipo":14,"regime_tramitacao":3,"tipo_origem_externa":null,"local_origem_externa":null,"user":3,"anexadas":[],"autores":[70]}