{"id":3826,"__str__":"Requerimento n\u00ba 472 de 2025","link_detail_backend":"/materia/3826","metadata":{"signs":{"texto_original":{"admin":[],"autores":[["Agnielde Benici Adorno",["2025-08-25T11:02:25-04:00","ICP-Brasil - Certificado PF A1"]],["Alessandra Varelo de Brito",["2025-08-25T11:05:04-04:00","ICP-Brasil - Certificado PF A1"]],["Braz Carlos Correia",["2025-08-25T11:05:48-04:00","ICP-Brasil - Certificado PF A1"]],["Eber Lopes Reis",["2025-08-25T11:10:41-04:00","ICP-Brasil - Certificado PF A1"]],["Geferson dos Santos",["2025-08-25T11:04:25-04:00","ICP-Brasil - Certificado PF A1"]],["Hermes Bordignon",["2025-08-25T11:06:35-04:00","ICP-Brasil - Certificado PF A1"]],["Jorge Antonio Honorato de Souza",["2025-08-25T11:07:25-04:00","ICP-Brasil - Certificado PF A1"]],["Marcio Domingos dos Santos",["2025-08-25T11:08:17-04:00","ICP-Brasil - Certificado PF A1"]],["Marcio Souza Magalhaes",["2025-08-25T11:12:33-04:00","ICP-Brasil - Certificado PF A1"]],["Ozias Alves dos Santos",["2025-08-25T11:09:20-04:00","ICP-Brasil - Certificado PF A1"]]]}}},"numero":472,"ano":2025,"numero_protocolo":554,"data_apresentacao":"2025-08-22","tipo_apresentacao":"E","data_publicacao":null,"numero_origem_externa":"","ano_origem_externa":null,"data_origem_externa":null,"apelido":"","dias_prazo":null,"data_fim_prazo":null,"em_tramitacao":false,"polemica":false,"objeto":"","complementar":false,"ementa":"Requer junto a Secretaria Municipal de Infraestrutura e Servi\u00e7os P\u00fablicos, que fa\u00e7a um quebra-molas na Rua Presidente Costa e Silva cidade baixa, pr\u00f3ximo ao Mini Mercado JP.","indexacao":"","observacao":"O presente pedido se faz necess\u00e1rio em raz\u00e3o do intenso fluxo de ve\u00edculos e motociclistas que trafegam em alta velocidade no local, colocando em risco a seguran\u00e7a da popula\u00e7\u00e3o. Ressalta-se ainda que diversas crian\u00e7as residem e circulam nas proximidades, o que aumenta a necessidade de medidas preventivas para evitar acidentes. A instala\u00e7\u00e3o do quebra-molas contribuir\u00e1 significativamente para a redu\u00e7\u00e3o da velocidade e a prote\u00e7\u00e3o da comunidade. Conto com apoio dos nobres colegas.","resultado":"","texto_original":"http://sapl.saofranciscodoguapore.ro.leg.br/media/sapl/public/materialegislativa/2025/3826/requerimento_no.472-2025-agnielde_assinado.pdf","data_ultima_atualizacao":"2025-10-14T10:19:11.214287-03:00","ip":"131.161.209.8","ultima_edicao":"2025-08-25T12:44:17.469860-03:00","tipo":14,"regime_tramitacao":3,"tipo_origem_externa":null,"local_origem_externa":null,"user":3,"anexadas":[],"autores":[70]}