{"id":3822,"__str__":"Projeto de Lei n\u00ba 98 de 2025","link_detail_backend":"/materia/3822","metadata":{"signs":{"texto_original":{"admin":[],"autores":[["Agnielde Benici Adorno",["2025-09-01T13:17:11-04:00","ICP-Brasil - Certificado PF A1"]],["Alessandra Varelo de Brito",["2025-09-01T13:12:02-04:00","ICP-Brasil - Certificado PF A1"]],["Braz Carlos Correia",["2025-09-01T13:19:11-04:00","ICP-Brasil - Certificado PF A1"]],["Elias Andrade de Lima",["2025-09-01T13:21:46-04:00","ICP-Brasil - Certificado PF A1"]],["Geferson dos Santos",["2025-09-01T13:10:57-04:00","ICP-Brasil - Certificado PF A1"]],["Hermes Bordignon",["2025-09-01T13:23:11-04:00","ICP-Brasil - Certificado PF A1"]],["Marcio Souza Magalhaes",["2025-09-01T13:24:52-04:00","ICP-Brasil - Certificado PF A1"]]]}}},"numero":98,"ano":2025,"numero_protocolo":551,"data_apresentacao":"2025-08-21","tipo_apresentacao":"","data_publicacao":null,"numero_origem_externa":"","ano_origem_externa":null,"data_origem_externa":null,"apelido":"","dias_prazo":null,"data_fim_prazo":null,"em_tramitacao":false,"polemica":false,"objeto":"","complementar":false,"ementa":"\u201cDisp\u00f5e sobre Inclus\u00e3o e Altera\u00e7\u00f5es no PPA, LDO e LOA, e Autoriza o Poder Executivo a Abertura de Cr\u00e9dito Adicional Especial Por Anula\u00e7\u00e3o Parcial de Dota\u00e7\u00e3o at\u00e9 o montante de R$ 158.623,27 (Cento e cinquenta e oito mil seiscentos e vinte e tr\u00eas reais e vinte e sete centavos) em favor da unidade Or\u00e7ament\u00e1ria da Secretaria Municipal de Meio Ambiente e Turismo - SEMAT, no Or\u00e7amento Vigente, e d\u00e1 outras provid\u00eancias\";","indexacao":"O objetivo recurso do projeto de lei em quest\u00e3o visa o remanejamento de ficha, e se faz necess\u00e1rio para cobrir as demandas com as Emendas Impositivas, devido as mudan\u00e7as ocorridas nas Emendas. A adequa\u00e7\u00e3o or\u00e7amentaria respeita as Categorias Econ\u00f4mica como suas fun\u00e7\u00f5es e sub fun\u00e7\u00f5es na unidade or\u00e7ament\u00e1ria Sec. Munic. de Meio Ambiente e Turismo- SEMAT, desta forma faz-se necess\u00e1ria \u00e0 adequa\u00e7\u00e3o no or\u00e7amento.","observacao":"","resultado":"","texto_original":"http://sapl.saofranciscodoguapore.ro.leg.br/media/sapl/public/materialegislativa/2025/3822/pl_no.098-2025_assinado.pdf","data_ultima_atualizacao":"2025-09-23T09:03:46.633965-03:00","ip":"131.161.209.8","ultima_edicao":"2025-09-02T12:34:54.762727-03:00","tipo":9,"regime_tramitacao":3,"tipo_origem_externa":null,"local_origem_externa":null,"user":3,"anexadas":[],"autores":[69]}