{"id":3815,"__str__":"Requerimento n\u00ba 468 de 2025","link_detail_backend":"/materia/3815","metadata":{"signs":{"texto_original":{"admin":[],"autores":[["Alessandra Varelo de Brito",["2025-08-21T09:38:37-04:00","ICP-Brasil - Certificado PF A1"]],["Braz Carlos Correia",["2025-08-21T09:39:32-04:00","ICP-Brasil - Certificado PF A1"]],["Eber Lopes Reis",["2025-08-21T09:47:22-04:00","ICP-Brasil - Certificado PF A1"]],["Elias Andrade de Lima",["2025-08-21T09:41:09-04:00","ICP-Brasil - Certificado PF A1"]],["Geferson dos Santos",["2025-08-21T09:37:23-04:00","ICP-Brasil - Certificado PF A1"]],["Hermes Bordignon",["2025-08-21T09:42:11-04:00","ICP-Brasil - Certificado PF A1"]],["Jorge Antonio Honorato de Souza",["2025-08-21T09:43:20-04:00","ICP-Brasil - Certificado PF A1"]],["Marcio Domingos dos Santos",["2025-08-21T09:44:30-04:00","ICP-Brasil - Certificado PF A1"]],["Marcio Souza Magalhaes",["2025-08-21T09:50:30-04:00","ICP-Brasil - Certificado PF A1"]],["Ozias Alves dos Santos",["2025-08-21T09:45:55-04:00","ICP-Brasil - Certificado PF A1"]]]}}},"numero":468,"ano":2025,"numero_protocolo":545,"data_apresentacao":"2025-08-15","tipo_apresentacao":"","data_publicacao":null,"numero_origem_externa":"","ano_origem_externa":null,"data_origem_externa":null,"apelido":"","dias_prazo":null,"data_fim_prazo":null,"em_tramitacao":false,"polemica":false,"objeto":"","complementar":false,"ementa":"Requer a manuten\u00e7\u00e3o e/ou revis\u00e3o dos circuitos das c\u00e2meras de monitoramento das escolas municipais.","indexacao":"","observacao":"","resultado":"","texto_original":"http://sapl.saofranciscodoguapore.ro.leg.br/media/sapl/public/materialegislativa/2025/3815/requerimento_no.468-2025-profmarcio_assinado.pdf","data_ultima_atualizacao":"2025-08-21T12:03:38.438533-03:00","ip":"131.161.209.8","ultima_edicao":"2025-08-21T12:03:37.391513-03:00","tipo":14,"regime_tramitacao":3,"tipo_origem_externa":null,"local_origem_externa":null,"user":3,"anexadas":[],"autores":[73]}