{"id":3814,"__str__":"Requerimento n\u00ba 467 de 2025","link_detail_backend":"/materia/3814","metadata":{"signs":{"texto_original":{"admin":[],"autores":[["Alessandra Varelo de Brito",["2025-08-21T09:38:48-04:00","ICP-Brasil - Certificado PF A1"]],["Braz Carlos Correia",["2025-08-21T09:39:48-04:00","ICP-Brasil - Certificado PF A1"]],["Eber Lopes Reis",["2025-08-21T09:48:02-04:00","ICP-Brasil - Certificado PF A1"]],["Elias Andrade de Lima",["2025-08-21T09:41:29-04:00","ICP-Brasil - Certificado PF A1"]],["Geferson dos Santos",["2025-08-21T09:37:32-04:00","ICP-Brasil - Certificado PF A1"]],["Hermes Bordignon",["2025-08-21T09:42:35-04:00","ICP-Brasil - Certificado PF A1"]],["Jorge Antonio Honorato de Souza",["2025-08-21T09:43:48-04:00","ICP-Brasil - Certificado PF A1"]],["Marcio Domingos dos Santos",["2025-08-21T09:45:02-04:00","ICP-Brasil - Certificado PF A1"]],["Marcio Souza Magalhaes",["2025-08-21T09:49:03-04:00","ICP-Brasil - Certificado PF A1"]],["Ozias Alves dos Santos",["2025-08-21T09:46:31-04:00","ICP-Brasil - Certificado PF A1"]]]}}},"numero":467,"ano":2025,"numero_protocolo":544,"data_apresentacao":"2025-08-15","tipo_apresentacao":"","data_publicacao":null,"numero_origem_externa":"","ano_origem_externa":null,"data_origem_externa":null,"apelido":"","dias_prazo":null,"data_fim_prazo":null,"em_tramitacao":false,"polemica":false,"objeto":"","complementar":false,"ementa":"Requer a pintura e/ou revitaliza\u00e7\u00e3o das faixas amarelas em frente \u00e0s escolas municipais para estacionamento de \u00f4nibus escolares.","indexacao":"","observacao":"","resultado":"","texto_original":"http://sapl.saofranciscodoguapore.ro.leg.br/media/sapl/public/materialegislativa/2025/3814/requerimento_no.467-2025-profmarcio_assinado.pdf","data_ultima_atualizacao":"2025-08-21T12:03:09.718195-03:00","ip":"131.161.209.8","ultima_edicao":"2025-08-21T12:03:08.534154-03:00","tipo":14,"regime_tramitacao":3,"tipo_origem_externa":null,"local_origem_externa":null,"user":3,"anexadas":[],"autores":[73]}