{"id":3812,"__str__":"Requerimento n\u00ba 465 de 2025","link_detail_backend":"/materia/3812","metadata":{"signs":{"texto_original":{"admin":[],"autores":[["Alessandra Varelo de Brito",["2025-08-21T09:17:14-04:00","ICP-Brasil - Certificado PF A1"]],["Braz Carlos Correia",["2025-08-21T09:18:50-04:00","ICP-Brasil - Certificado PF A1"]],["Eber Lopes Reis",["2025-08-21T09:27:38-04:00","ICP-Brasil - Certificado PF A1"]],["Elias Andrade de Lima",["2025-08-21T09:20:18-04:00","ICP-Brasil - Certificado PF A1"]],["Geferson dos Santos",["2025-08-21T09:18:04-04:00","ICP-Brasil - Certificado PF A1"]],["Hermes Bordignon",["2025-08-21T09:21:09-04:00","ICP-Brasil - Certificado PF A1"]],["Jorge Antonio Honorato de Souza",["2025-08-21T09:22:10-04:00","ICP-Brasil - Certificado PF A1"]],["Marcio Domingos dos Santos",["2025-08-21T09:23:42-04:00","ICP-Brasil - Certificado PF A1"]],["Marcio Souza Magalhaes",["2025-08-21T09:29:03-04:00","ICP-Brasil - Certificado PF A1"]],["Ozias Alves dos Santos",["2025-08-21T09:25:17-04:00","ICP-Brasil - Certificado PF A1"]]]}}},"numero":465,"ano":2025,"numero_protocolo":542,"data_apresentacao":"2025-08-15","tipo_apresentacao":"E","data_publicacao":null,"numero_origem_externa":"","ano_origem_externa":null,"data_origem_externa":null,"apelido":"","dias_prazo":null,"data_fim_prazo":null,"em_tramitacao":false,"polemica":false,"objeto":"","complementar":false,"ementa":"REQUERER a substitui\u00e7\u00e3o da farmac\u00eautica, lotada na UBS CL\u00d3VIS DOS SANTOS, durante o per\u00edodo de sua licen\u00e7a maternidade, a fim de assegurar a continuidade dos servi\u00e7os farmac\u00eauticos prestados \u00e0 popula\u00e7\u00e3o.","indexacao":"","observacao":"","resultado":"","texto_original":"http://sapl.saofranciscodoguapore.ro.leg.br/media/sapl/public/materialegislativa/2025/3812/requerimento_no.465-2025-alessandra_assinado.pdf","data_ultima_atualizacao":"2025-08-21T11:56:29.045225-03:00","ip":"131.161.209.8","ultima_edicao":"2025-08-21T11:56:28.069849-03:00","tipo":14,"regime_tramitacao":3,"tipo_origem_externa":null,"local_origem_externa":null,"user":3,"anexadas":[],"autores":[72]}