{"id":3811,"__str__":"Requerimento n\u00ba 464 de 2025","link_detail_backend":"/materia/3811","metadata":{"signs":{"texto_original":{"admin":[],"autores":[["Alessandra Varelo de Brito",["2025-08-21T09:17:18-04:00","ICP-Brasil - Certificado PF A1"]],["Braz Carlos Correia",["2025-08-21T09:18:58-04:00","ICP-Brasil - Certificado PF A1"]],["Eber Lopes Reis",["2025-08-21T09:27:58-04:00","ICP-Brasil - Certificado PF A1"]],["Elias Andrade de Lima",["2025-08-21T09:20:28-04:00","ICP-Brasil - Certificado PF A1"]],["Geferson dos Santos",["2025-08-21T09:18:10-04:00","ICP-Brasil - Certificado PF A1"]],["Hermes Bordignon",["2025-08-21T09:21:21-04:00","ICP-Brasil - Certificado PF A1"]],["Jorge Antonio Honorato de Souza",["2025-08-21T09:22:24-04:00","ICP-Brasil - Certificado PF A1"]],["Marcio Domingos dos Santos",["2025-08-21T09:23:58-04:00","ICP-Brasil - Certificado PF A1"]],["Marcio Souza Magalhaes",["2025-08-21T09:29:25-04:00","ICP-Brasil - Certificado PF A1"]],["Ozias Alves dos Santos",["2025-08-21T09:25:35-04:00","ICP-Brasil - Certificado PF A1"]]]}}},"numero":464,"ano":2025,"numero_protocolo":541,"data_apresentacao":"2025-08-15","tipo_apresentacao":"E","data_publicacao":null,"numero_origem_externa":"","ano_origem_externa":null,"data_origem_externa":null,"apelido":"","dias_prazo":null,"data_fim_prazo":null,"em_tramitacao":false,"polemica":false,"objeto":"","complementar":false,"ementa":"REQUERER em car\u00e1ter de URG\u00caNCIA A MANUTEN\u00c7\u00c3O OU SUBSTITUI\u00c7\u00c3O DE AR CONDICIONADO DAS SALAS DE AULA DA ESCOLA REGINA DE ALMEIDA.","indexacao":"","observacao":"","resultado":"","texto_original":"http://sapl.saofranciscodoguapore.ro.leg.br/media/sapl/public/materialegislativa/2025/3811/requerimento_no.464-2025-alessandra_assinado.pdf","data_ultima_atualizacao":"2025-08-21T11:55:24.081426-03:00","ip":"131.161.209.8","ultima_edicao":"2025-08-21T11:55:23.132497-03:00","tipo":14,"regime_tramitacao":3,"tipo_origem_externa":null,"local_origem_externa":null,"user":3,"anexadas":[],"autores":[72]}