{"id":3800,"__str__":"Requerimento n\u00ba 461 de 2025","link_detail_backend":"/materia/3800","metadata":{"signs":{"texto_original":{"admin":[],"autores":[["Alessandra Varelo de Brito",["2025-08-21T08:21:51-04:00","ICP-Brasil - Certificado PF A1"]],["Braz Carlos Correia",["2025-08-21T08:25:38-04:00","ICP-Brasil - Certificado PF A1"]],["Eber Lopes Reis",["2025-08-21T08:15:12-04:00","ICP-Brasil - Certificado PF A1"]],["Elias Andrade de Lima",["2025-08-21T08:27:39-04:00","ICP-Brasil - Certificado PF A1"]],["Geferson dos Santos",["2025-08-21T08:19:16-04:00","ICP-Brasil - Certificado PF A1"]],["Hermes Bordignon",["2025-08-21T08:29:27-04:00","ICP-Brasil - Certificado PF A1"]],["Jorge Antonio Honorato de Souza",["2025-08-21T08:36:45-04:00","ICP-Brasil - Certificado PF A1"]],["Marcio Domingos dos Santos",["2025-08-21T08:58:04-04:00","ICP-Brasil - Certificado PF A1"]],["Marcio Souza Magalhaes",["2025-08-21T09:06:09-04:00","ICP-Brasil - Certificado PF A1"]],["Ozias Alves dos Santos",["2025-08-21T09:02:51-04:00","ICP-Brasil - Certificado PF A1"]]]}}},"numero":461,"ano":2025,"numero_protocolo":532,"data_apresentacao":"2025-08-14","tipo_apresentacao":"E","data_publicacao":null,"numero_origem_externa":"","ano_origem_externa":null,"data_origem_externa":null,"apelido":"","dias_prazo":null,"data_fim_prazo":null,"em_tramitacao":false,"polemica":false,"objeto":"","complementar":false,"ementa":"Que seja feita a troca das l\u00e2mpadas queimadas na avenida Tancredo Neves, avenida Paran\u00e1 e rua Amap\u00e1.","indexacao":"","observacao":"","resultado":"","texto_original":"http://sapl.saofranciscodoguapore.ro.leg.br/media/sapl/public/materialegislativa/2025/3800/requerimento_no.461-2025-eber_assinado.pdf","data_ultima_atualizacao":"2025-08-21T11:53:12.517848-03:00","ip":"131.161.209.8","ultima_edicao":"2025-08-21T11:53:11.473344-03:00","tipo":14,"regime_tramitacao":3,"tipo_origem_externa":null,"local_origem_externa":null,"user":3,"anexadas":[],"autores":[63]}