{"id":3794,"__str__":"Mo\u00e7\u00e3o de Aplausos n\u00ba 10 de 2025","link_detail_backend":"/materia/3794","metadata":{"signs":{"texto_original":{"admin":[],"autores":[["Alessandra Varelo de Brito",["2025-08-20T13:27:40-04:00","ICP-Brasil - Certificado PF A1"]],["Braz Carlos Correia",["2025-08-20T13:28:28-04:00","ICP-Brasil - Certificado PF A1"]],["Eber Lopes Reis",["2025-08-20T13:25:59-04:00","ICP-Brasil - Certificado PF A1"]],["Elias Andrade de Lima",["2025-08-20T13:29:17-04:00","ICP-Brasil - Certificado PF A1"]],["Geferson dos Santos",["2025-08-20T13:26:57-04:00","ICP-Brasil - Certificado PF A1"]],["Hermes Bordignon",["2025-08-20T13:29:58-04:00","ICP-Brasil - Certificado PF A1"]],["Jorge Antonio Honorato de Souza",["2025-08-20T13:30:40-04:00","ICP-Brasil - Certificado PF A1"]],["Marcio Domingos dos Santos",["2025-08-20T13:31:16-04:00","ICP-Brasil - Certificado PF A1"]],["Marcio Souza Magalhaes",["2025-08-20T13:32:35-04:00","ICP-Brasil - Certificado PF A1"]],["Ozias Alves dos Santos",["2025-08-20T13:31:57-04:00","ICP-Brasil - Certificado PF A1"]]]}}},"numero":10,"ano":2025,"numero_protocolo":526,"data_apresentacao":"2025-08-14","tipo_apresentacao":"E","data_publicacao":null,"numero_origem_externa":"","ano_origem_externa":null,"data_origem_externa":null,"apelido":"","dias_prazo":null,"data_fim_prazo":null,"em_tramitacao":true,"polemica":false,"objeto":"","complementar":false,"ementa":"Mo\u00e7\u00e3o de aplausos em reconhecimento p\u00fablico ao Excelent\u00edssimo Senhor Ex-prefeito Alcino Bilac Tinoco pela aten\u00e7\u00e3o e valoriza\u00e7\u00e3o salaria que fez aos servidores municipais, dentro do seu mandato de prefeito municipal de S\u00e3o Francisco do Guapor\u00e9.","indexacao":"","observacao":"","resultado":"","texto_original":"http://sapl.saofranciscodoguapore.ro.leg.br/media/sapl/public/materialegislativa/2025/3794/mocao_no_010-25_-_eber_assinado.pdf","data_ultima_atualizacao":"2025-08-21T12:04:34.919577-03:00","ip":"131.161.209.8","ultima_edicao":"2025-08-21T12:04:33.881323-03:00","tipo":6,"regime_tramitacao":3,"tipo_origem_externa":null,"local_origem_externa":null,"user":3,"anexadas":[],"autores":[63]}