{"id":3793,"__str__":"Indica\u00e7\u00e3o n\u00ba 21 de 2025","link_detail_backend":"/materia/3793","metadata":{"signs":{"texto_original":{"admin":[],"autores":[["Alessandra Varelo de Brito",["2025-08-20T11:17:45-04:00","ICP-Brasil - Certificado PF A1"]],["Braz Carlos Correia",["2025-08-20T11:18:44-04:00","ICP-Brasil - Certificado PF A1"]],["Eber Lopes Reis",["2025-08-20T11:23:23-04:00","ICP-Brasil - Certificado PF A1"]],["Elias Andrade de Lima",["2025-08-20T11:19:32-04:00","ICP-Brasil - Certificado PF A1"]],["Geferson dos Santos",["2025-08-20T11:17:01-04:00","ICP-Brasil - Certificado PF A1"]],["Hermes Bordignon",["2025-08-20T11:20:22-04:00","ICP-Brasil - Certificado PF A1"]],["Jorge Antonio Honorato de Souza",["2025-08-20T11:21:23-04:00","ICP-Brasil - Certificado PF A1"]],["Marcio Domingos dos Santos",["2025-08-20T11:14:49-04:00","ICP-Brasil - Certificado PF A1"]],["Marcio Souza Magalhaes",["2025-08-20T11:24:28-04:00","ICP-Brasil - Certificado PF A1"]],["Ozias Alves dos Santos",["2025-08-20T11:22:20-04:00","ICP-Brasil - Certificado PF A1"]]]}}},"numero":21,"ano":2025,"numero_protocolo":525,"data_apresentacao":"2025-08-14","tipo_apresentacao":"E","data_publicacao":null,"numero_origem_externa":"","ano_origem_externa":null,"data_origem_externa":null,"apelido":"","dias_prazo":null,"data_fim_prazo":null,"em_tramitacao":false,"polemica":false,"objeto":"","complementar":false,"ementa":"Indico a contrata\u00e7\u00e3o da equipe do mutir\u00e3o da Universidade Federal de Rond\u00f4nia \u2013 UNIR, Campus de Cacoal, para atendimento odontol\u00f3gico \u00e0 comunidade ribeirinha de Pedras Negras.","indexacao":"","observacao":"A comunidade de Pedras Negras, localizada \u00e0s margens do rio Guapor\u00e9, possui popula\u00e7\u00e3o predominantemente ribeirinha, com dificuldades de acesso aos servi\u00e7os de sa\u00fade, especialmente no que diz respeito \u00e0 sa\u00fade bucal, muitos moradores enfrentam problemas odontol\u00f3gicos que afetam diretamente sua qualidade de vida, produtividade e bem-estar.\r\nA contrata\u00e7\u00e3o da equipe especializada do mutir\u00e3o da UNIR permitir\u00e1 oferecer atendimento odontol\u00f3gico gratuito \u00e0 popula\u00e7\u00e3o carente, abrangendo desde procedimentos preventivos at\u00e9 interven\u00e7\u00f5es mais complexas, al\u00e9m de orienta\u00e7\u00f5es de higiene bucal.\r\nTal a\u00e7\u00e3o contribuir\u00e1 para:\r\n\u2022\tPromover a sa\u00fade e qualidade de vida dos ribeirinhos;\r\n\u2022\tPrevenir doen\u00e7as bucais e complica\u00e7\u00f5es sist\u00eamicas;\r\n\u2022\tReduzir a demanda reprimida nos postos de sa\u00fade do munic\u00edpio;\r\n\u2022\tCumprir o dever do poder p\u00fablico de garantir acesso \u00e0 sa\u00fade integral.\r\n\r\nDiante da relev\u00e2ncia social e do benef\u00edcio direto \u00e0 comunidade, solicito a especial aten\u00e7\u00e3o de Vossa Excel\u00eancia para viabilizar essa parceria e execu\u00e7\u00e3o do mutir\u00e3o odontol\u00f3gico.","resultado":"","texto_original":"http://sapl.saofranciscodoguapore.ro.leg.br/media/sapl/public/materialegislativa/2025/3793/indicacao_no.21-2025-marcio_assinado.pdf","data_ultima_atualizacao":"2025-08-21T11:38:44.883311-03:00","ip":"131.161.209.8","ultima_edicao":"2025-08-21T11:38:43.735416-03:00","tipo":5,"regime_tramitacao":3,"tipo_origem_externa":null,"local_origem_externa":null,"user":3,"anexadas":[],"autores":[71]}