{"id":3787,"__str__":"Requerimento n\u00ba 452 de 2025","link_detail_backend":"/materia/3787","metadata":{"signs":{"texto_original":{"admin":[],"autores":[["Alessandra Varelo de Brito",["2025-08-20T12:53:21-04:00","ICP-Brasil - Certificado PF A1"]],["Braz Carlos Correia",["2025-08-20T12:54:41-04:00","ICP-Brasil - Certificado PF A1"]],["Eber Lopes Reis",["2025-08-20T13:06:01-04:00","ICP-Brasil - Certificado PF A1"]],["Elias Andrade de Lima",["2025-08-20T12:56:16-04:00","ICP-Brasil - Certificado PF A1"]],["Geferson dos Santos",["2025-08-20T12:52:20-04:00","ICP-Brasil - Certificado PF A1"]],["Hermes Bordignon",["2025-08-20T12:59:11-04:00","ICP-Brasil - Certificado PF A1"]],["Jorge Antonio Honorato de Souza",["2025-08-20T13:01:10-04:00","ICP-Brasil - Certificado PF A1"]],["Marcio Domingos dos Santos",["2025-08-20T12:51:15-04:00","ICP-Brasil - Certificado PF A1"]],["Marcio Souza Magalhaes",["2025-08-20T13:12:49-04:00","ICP-Brasil - Certificado PF A1"]],["Ozias Alves dos Santos",["2025-08-20T13:03:31-04:00","ICP-Brasil - Certificado PF A1"]]]}}},"numero":452,"ano":2025,"numero_protocolo":519,"data_apresentacao":"2025-08-14","tipo_apresentacao":"E","data_publicacao":null,"numero_origem_externa":"","ano_origem_externa":null,"data_origem_externa":null,"apelido":"","dias_prazo":null,"data_fim_prazo":null,"em_tramitacao":false,"polemica":false,"objeto":"","complementar":false,"ementa":"Requer a constru\u00e7\u00e3o de quebra-molas na Linha Boiadeira em frente \u00e0 casa do N\u00e9, em S\u00e3o Francisco do Guapor\u00e9- RO.","indexacao":"","observacao":"A presente solicita\u00e7\u00e3o se faz necess\u00e1ria em raz\u00e3o do intenso fluxo de ve\u00edculos, es-pecialmente caminh\u00f5es e carretas, que trafegam pela referida via em alta velocida-de, representando grave risco \u00e0 seguran\u00e7a dos moradores. Ressalta-se que no lo-cal residem quatro crian\u00e7as, tornando a situa\u00e7\u00e3o ainda mais preocupante.\r\nA instala\u00e7\u00e3o do quebra-molas contribuir\u00e1 para a redu\u00e7\u00e3o da velocidade dos ve\u00edcu-los, prevenindo acidentes e garantindo maior seguran\u00e7a a todos que transitam pela regi\u00e3o. Trata-se, portanto, de medida de car\u00e1ter preventivo e de grande relev\u00e2ncia para a comunidade local.","resultado":"","texto_original":"http://sapl.saofranciscodoguapore.ro.leg.br/media/sapl/public/materialegislativa/2025/3787/requerimento_no.452-2025-marcio_assinado.pdf","data_ultima_atualizacao":"2025-08-21T11:44:43.933886-03:00","ip":"131.161.209.8","ultima_edicao":"2025-08-21T11:44:42.775504-03:00","tipo":14,"regime_tramitacao":3,"tipo_origem_externa":null,"local_origem_externa":null,"user":3,"anexadas":[],"autores":[71]}