{"id":3781,"__str__":"Requerimento n\u00ba 447 de 2025","link_detail_backend":"/materia/3781","metadata":{"signs":{"texto_original":{"admin":[],"autores":[["Agnielde Benici Adorno",["2025-08-12T18:13:39-04:00","ICP-Brasil - Certificado PF A1"]],["Alessandra Varelo de Brito",["2025-08-12T18:12:52-04:00","ICP-Brasil - Certificado PF A1"]],["Braz Carlos Correia",["2025-08-12T18:09:00-04:00","ICP-Brasil - Certificado PF A1"]],["Eber Lopes Reis",["2025-08-12T18:20:03-04:00","ICP-Brasil - Certificado PF A1"]],["Geferson dos Santos",["2025-08-12T18:11:50-04:00","ICP-Brasil - Certificado PF A1"]],["Hermes Bordignon",["2025-08-12T18:14:59-04:00","ICP-Brasil - Certificado PF A1"]],["Jorge Antonio Honorato de Souza",["2025-08-12T18:15:56-04:00","ICP-Brasil - Certificado PF A1"]],["Marcio Domingos dos Santos",["2025-08-12T18:16:58-04:00","ICP-Brasil - Certificado PF A1"]],["Marcio Souza Magalhaes",["2025-08-12T18:21:54-04:00","ICP-Brasil - Certificado PF A1"]],["Ozias Alves dos Santos",["2025-08-12T18:18:37-04:00","ICP-Brasil - Certificado PF A1"]]]}}},"numero":447,"ano":2025,"numero_protocolo":null,"data_apresentacao":"2025-08-11","tipo_apresentacao":"E","data_publicacao":null,"numero_origem_externa":"","ano_origem_externa":null,"data_origem_externa":null,"apelido":"","dias_prazo":null,"data_fim_prazo":null,"em_tramitacao":false,"polemica":false,"objeto":"","complementar":false,"ementa":"Requer o patrolamento paliativo da linha 95 visando melhorar as condi\u00e7\u00f5es de tr\u00e1fego e garantir mais seguran\u00e7a e comodidade aos moradores e usu\u00e1rios da via.","indexacao":"","observacao":"A presente solicita\u00e7\u00e3o se faz necess\u00e1ria devido ao estado de conserva\u00e7\u00e3o da referida estrada, que apresenta irregularidades e buracos, dificultando o tr\u00e1fego de ve\u00edculos, prejudicando o transporte escolar, o escoamento da produ\u00e7\u00e3o e o deslocamento da popula\u00e7\u00e3o. A realiza\u00e7\u00e3o do servi\u00e7o de patrolamento contribuir\u00e1 significativamente para a melhoria da infraestrutura rural e qualidade de vida dos mun\u00edcipes","resultado":"","texto_original":"http://sapl.saofranciscodoguapore.ro.leg.br/media/sapl/public/materialegislativa/2025/3781/requerimento_447-2025_braz_assinado.pdf","data_ultima_atualizacao":"2025-08-14T11:50:48.538720-03:00","ip":"131.161.209.8","ultima_edicao":"2025-08-14T11:50:47.544985-03:00","tipo":14,"regime_tramitacao":3,"tipo_origem_externa":null,"local_origem_externa":null,"user":3,"anexadas":[],"autores":[6]}