{"id":3780,"__str__":"Requerimento n\u00ba 446 de 2025","link_detail_backend":"/materia/3780","metadata":{"signs":{"texto_original":{"admin":[],"autores":[["Agnielde Benici Adorno",["2025-08-13T11:08:35-04:00","ICP-Brasil - Certificado PF A1"]],["Alessandra Varelo de Brito",["2025-08-13T10:22:22-04:00","ICP-Brasil - Certificado PF A1"]],["Braz Carlos Correia",["2025-08-13T10:25:48-04:00","ICP-Brasil - Certificado PF A1"]],["Eber Lopes Reis",["2025-08-13T10:59:17-04:00","ICP-Brasil - Certificado PF A1"]],["Geferson dos Santos",["2025-08-13T10:21:44-04:00","ICP-Brasil - Certificado PF A1"]],["Hermes Bordignon",["2025-08-13T10:27:51-04:00","ICP-Brasil - Certificado PF A1"]],["Jorge Antonio Honorato de Souza",["2025-08-13T10:34:19-04:00","ICP-Brasil - Certificado PF A1"]],["Marcio Domingos dos Santos",["2025-08-13T10:35:56-04:00","ICP-Brasil - Certificado PF A1"]],["Marcio Souza Magalhaes",["2025-08-13T11:00:49-04:00","ICP-Brasil - Certificado PF A1"]],["Ozias Alves dos Santos",["2025-08-13T10:37:53-04:00","ICP-Brasil - Certificado PF A1"]]]}}},"numero":446,"ano":2025,"numero_protocolo":null,"data_apresentacao":"2025-08-08","tipo_apresentacao":"E","data_publicacao":null,"numero_origem_externa":"","ano_origem_externa":null,"data_origem_externa":null,"apelido":"","dias_prazo":null,"data_fim_prazo":null,"em_tramitacao":false,"polemica":false,"objeto":"","complementar":false,"ementa":"Requer junto a Secretaria Municipal de Sa\u00fade, que providencie com urg\u00eancia os EPIs necess\u00e1rios para o trabalho dos ACS, como camiseta manga longa de prote\u00e7\u00e3o UV, protetor solar, luvas, \u00f3culos de prote\u00e7\u00e3o, chap\u00e9u ou bon\u00e9,  e outros.","indexacao":"","observacao":"Os Agentes Comunit\u00e1rios de Sa\u00fade (ACS) desempenham um papel essencial na promo\u00e7\u00e3o da sa\u00fade e preven\u00e7\u00e3o de doen\u00e7as em comunidades, muitas vezes atuando em contato direto com a popula\u00e7\u00e3o em visitas domiciliares e a\u00e7\u00f5es educativas. O uso de Equipamentos de Prote\u00e7\u00e3o Individual (EPIs) por esses profissionais \u00e9 de extrema import\u00e2ncia por diversos motivos: Prote\u00e7\u00e3o contra riscos biol\u00f3gicos, Seguran\u00e7a no ambiente de trabalho, Preven\u00e7\u00e3o da dissemina\u00e7\u00e3o de doen\u00e7as, cumprimento de normas de biosseguran\u00e7a, Promo\u00e7\u00e3o do exemplo \u00e0 comunidade e Redu\u00e7\u00e3o de afastamentos por doen\u00e7as. \r\nO uso de EPIs pelos ACS \u00e9 fundamental para garantir sua seguran\u00e7a, proteger a comunidade e manter a qualidade do atendimento em sa\u00fade. Al\u00e9m disso, reflete o compromisso com a sa\u00fade p\u00fablica e com a pr\u00f3pria integridade f\u00edsica do agente, que \u00e9 um elo essencial entre o sistema de sa\u00fade e a popula\u00e7\u00e3o.","resultado":"","texto_original":"http://sapl.saofranciscodoguapore.ro.leg.br/media/sapl/public/materialegislativa/2025/3780/requerimento_446-2025_geferson_assinado.pdf","data_ultima_atualizacao":"2025-08-14T11:50:26.679674-03:00","ip":"131.161.209.8","ultima_edicao":"2025-08-14T11:50:25.448454-03:00","tipo":14,"regime_tramitacao":3,"tipo_origem_externa":null,"local_origem_externa":null,"user":3,"anexadas":[],"autores":[1]}