{"id":3778,"__str__":"Projeto de Resolu\u00e7\u00e3o Legislativa n\u00ba 8 de 2025","link_detail_backend":"/materia/3778","metadata":{"signs":{"texto_original":{"admin":[],"autores":[["Agnielde Benici Adorno",["2025-08-12T11:29:09-04:00","ICP-Brasil - Certificado PF A1"]],["Alessandra Varelo de Brito",["2025-08-12T11:28:25-04:00","ICP-Brasil - Certificado PF A1"]],["Braz Carlos Correia",["2025-08-12T11:30:00-04:00","ICP-Brasil - Certificado PF A1"]],["Eber Lopes Reis",["2025-08-12T11:34:18-04:00","ICP-Brasil - Certificado PF A1"]],["Geferson dos Santos",["2025-08-12T11:27:07-04:00","ICP-Brasil - Certificado PF A1"]],["Hermes Bordignon",["2025-08-12T11:30:41-04:00","ICP-Brasil - Certificado PF A1"]],["Jorge Antonio Honorato de Souza",["2025-08-12T11:31:46-04:00","ICP-Brasil - Certificado PF A1"]],["Marcio Domingos dos Santos",["2025-08-12T11:32:43-04:00","ICP-Brasil - Certificado PF A1"]],["Marcio Souza Magalhaes",["2025-08-12T11:35:03-04:00","ICP-Brasil - Certificado PF A1"]],["Ozias Alves dos Santos",["2025-08-12T11:27:41-04:00","ICP-Brasil - Certificado PF A1"]]]}}},"numero":8,"ano":2025,"numero_protocolo":null,"data_apresentacao":"2025-08-08","tipo_apresentacao":"E","data_publicacao":"2025-08-08","numero_origem_externa":"8","ano_origem_externa":2025,"data_origem_externa":"2025-08-08","apelido":"","dias_prazo":null,"data_fim_prazo":"2025-08-08","em_tramitacao":false,"polemica":false,"objeto":"","complementar":false,"ementa":"\"Inclui o art. 42-A, incisos I, II e III, \u00a7\u00a71\u00ba, 2\u00ba e 3\u00ba, art. 42-B, incisos I e II, art. 42-C e Par\u00e1grafo \u00danico \u00e0 Resolu\u00e7\u00e3o Legislativa n. 007/2023, e d\u00e1 outras provid\u00eancias.\"","indexacao":"Ata de registro de pre\u00e7os de \u00f3rg\u00e3os ou entidades da Administra\u00e7\u00e3o P\u00fablica Federal, Estadual, Distrital e Municipal.","observacao":"Ata de registro de pre\u00e7os de \u00f3rg\u00e3os ou entidades da Administra\u00e7\u00e3o P\u00fablica Federal, Estadual, Distrital e Municipal.","resultado":"","texto_original":"http://sapl.saofranciscodoguapore.ro.leg.br/media/sapl/public/materialegislativa/2025/3778/prl_no.08-2025_assinado.pdf","data_ultima_atualizacao":"2025-08-12T12:36:16.221378-03:00","ip":"131.161.211.202","ultima_edicao":"2025-08-12T12:36:14.156215-03:00","tipo":11,"regime_tramitacao":3,"tipo_origem_externa":11,"local_origem_externa":2,"user":3,"anexadas":[],"autores":[20]}