{"id":3774,"__str__":"Requerimento n\u00ba 441 de 2025","link_detail_backend":"/materia/3774","metadata":{"signs":{"texto_original":{"admin":[],"autores":[["Agnielde Benici Adorno",["2025-08-13T10:20:49-04:00","ICP-Brasil - Certificado PF A1"]],["Alessandra Varelo de Brito",["2025-08-13T10:22:11-04:00","ICP-Brasil - Certificado PF A1"]],["Braz Carlos Correia",["2025-08-13T10:25:33-04:00","ICP-Brasil - Certificado PF A1"]],["Eber Lopes Reis",["2025-08-13T10:58:38-04:00","ICP-Brasil - Certificado PF A1"]],["Geferson dos Santos",["2025-08-13T11:07:11-04:00","ICP-Brasil - Certificado PF A1"]],["Hermes Bordignon",["2025-08-13T10:27:22-04:00","ICP-Brasil - Certificado PF A1"]],["Jorge Antonio Honorato de Souza",["2025-08-13T10:33:56-04:00","ICP-Brasil - Certificado PF A1"]],["Marcio Domingos dos Santos",["2025-08-13T10:35:29-04:00","ICP-Brasil - Certificado PF A1"]],["Marcio Souza Magalhaes",["2025-08-13T11:00:08-04:00","ICP-Brasil - Certificado PF A1"]],["Ozias Alves dos Santos",["2025-08-13T10:37:15-04:00","ICP-Brasil - Certificado PF A1"]]]}}},"numero":441,"ano":2025,"numero_protocolo":510,"data_apresentacao":"2025-08-08","tipo_apresentacao":"E","data_publicacao":null,"numero_origem_externa":"","ano_origem_externa":null,"data_origem_externa":null,"apelido":"","dias_prazo":null,"data_fim_prazo":null,"em_tramitacao":false,"polemica":false,"objeto":"","complementar":false,"ementa":"Requer junto Secretaria Municipal de Esportes, Cultura e Lazer, que seja realizada a constru\u00e7\u00e3o de uma quadra de v\u00f4lei de areia na Escola Clodoaldo, localizada na Linha 4 (LH4), zona rural.","indexacao":"","observacao":"A presente indica\u00e7\u00e3o visa reconhecer e fortalecer a pratica esportiva dos alunos na escola, promovendo sa\u00fade, integra\u00e7\u00e3o, lazer e o desenvolvimento f\u00edsico e social das crian\u00e7as e adolescentes. A implanta\u00e7\u00e3o da quadra de areia proporcionar\u00e1 um ambiente adequado para a pr\u00e1tica do v\u00f4lei e outras atividades esportivas, contribuindo para a qualidade da educa\u00e7\u00e3o e o bem-estar dos estudantes. Conto com a colabora\u00e7\u00e3o de todos os nobres vereadores.","resultado":"","texto_original":"http://sapl.saofranciscodoguapore.ro.leg.br/media/sapl/public/materialegislativa/2025/3774/requerimento_441-2025_agnielde_assinado.pdf","data_ultima_atualizacao":"2025-08-14T11:48:59.099127-03:00","ip":"131.161.209.8","ultima_edicao":"2025-08-14T11:48:58.042701-03:00","tipo":14,"regime_tramitacao":3,"tipo_origem_externa":null,"local_origem_externa":null,"user":3,"anexadas":[],"autores":[70]}