{"id":3773,"__str__":"Requerimento n\u00ba 440 de 2025","link_detail_backend":"/materia/3773","metadata":{"signs":{"texto_original":{"admin":[],"autores":[["Agnielde Benici Adorno",["2025-08-13T09:37:54-04:00","ICP-Brasil - Certificado PF A1"]],["Alessandra Varelo de Brito",["2025-08-13T09:36:30-04:00","ICP-Brasil - Certificado PF A1"]],["Braz Carlos Correia",["2025-08-13T09:40:19-04:00","ICP-Brasil - Certificado PF A1"]],["Eber Lopes Reis",["2025-08-13T09:31:06-04:00","ICP-Brasil - Certificado PF A1"]],["Geferson dos Santos",["2025-08-13T09:35:26-04:00","ICP-Brasil - Certificado PF A1"]],["Hermes Bordignon",["2025-08-13T09:42:04-04:00","ICP-Brasil - Certificado PF A1"]],["Jorge Antonio Honorato de Souza",["2025-08-13T09:44:05-04:00","ICP-Brasil - Certificado PF A1"]],["Marcio Domingos dos Santos",["2025-08-13T09:46:05-04:00","ICP-Brasil - Certificado PF A1"]],["Marcio Souza Magalhaes",["2025-08-13T10:16:19-04:00","ICP-Brasil - Certificado PF A1"]],["Ozias Alves dos Santos",["2025-08-13T10:14:23-04:00","ICP-Brasil - Certificado PF A1"]]]}}},"numero":440,"ano":2025,"numero_protocolo":509,"data_apresentacao":"2025-08-08","tipo_apresentacao":"E","data_publicacao":null,"numero_origem_externa":"","ano_origem_externa":null,"data_origem_externa":null,"apelido":"","dias_prazo":null,"data_fim_prazo":null,"em_tramitacao":false,"polemica":false,"objeto":"","complementar":false,"ementa":"o informativo sobre a quantidade de pessoas que est\u00e3o na fila para a regula\u00e7\u00e3o, e na fila de espera para cirurgia de catarata.","indexacao":"","observacao":"","resultado":"","texto_original":"http://sapl.saofranciscodoguapore.ro.leg.br/media/sapl/public/materialegislativa/2025/3773/requerimento_440-2025_eber_assinado.pdf","data_ultima_atualizacao":"2025-08-14T11:31:31.908939-03:00","ip":"131.161.209.8","ultima_edicao":"2025-08-14T11:31:30.844233-03:00","tipo":14,"regime_tramitacao":3,"tipo_origem_externa":null,"local_origem_externa":null,"user":3,"anexadas":[],"autores":[63]}