{"id":3769,"__str__":"Requerimento n\u00ba 436 de 2025","link_detail_backend":"/materia/3769","metadata":{"signs":{"texto_original":{"admin":[],"autores":[["Agnielde Benici Adorno",["2025-08-12T21:06:48-04:00","ICP-Brasil - Certificado PF A1"]],["Alessandra Varelo de Brito",["2025-08-12T21:05:57-04:00","ICP-Brasil - Certificado PF A1"]],["Braz Carlos Correia",["2025-08-12T21:08:46-04:00","ICP-Brasil - Certificado PF A1"]],["Eber Lopes Reis",["2025-08-12T21:16:29-04:00","ICP-Brasil - Certificado PF A1"]],["Geferson dos Santos",["2025-08-12T21:05:10-04:00","ICP-Brasil - Certificado PF A1"]],["Hermes Bordignon",["2025-08-12T21:10:06-04:00","ICP-Brasil - Certificado PF A1"]],["Jorge Antonio Honorato de Souza",["2025-08-12T21:12:00-04:00","ICP-Brasil - Certificado PF A1"]],["Marcio Domingos dos Santos",["2025-08-12T21:13:18-04:00","ICP-Brasil - Certificado PF A1"]],["Marcio Souza Magalhaes",["2025-08-12T21:03:46-04:00","ICP-Brasil - Certificado PF A1"]],["Ozias Alves dos Santos",["2025-08-12T21:14:56-04:00","ICP-Brasil - Certificado PF A1"]]]}}},"numero":436,"ano":2025,"numero_protocolo":505,"data_apresentacao":"2025-08-08","tipo_apresentacao":"","data_publicacao":null,"numero_origem_externa":"","ano_origem_externa":null,"data_origem_externa":null,"apelido":"","dias_prazo":null,"data_fim_prazo":null,"em_tramitacao":false,"polemica":false,"objeto":"","complementar":false,"ementa":"Requer provid\u00eancias para instala\u00e7\u00e3o de quebra-molas na Rua Jorge Amado.","indexacao":"","observacao":"","resultado":"","texto_original":"http://sapl.saofranciscodoguapore.ro.leg.br/media/sapl/public/materialegislativa/2025/3769/requerimento_436-2025_profmarcio_assinado.pdf","data_ultima_atualizacao":"2025-08-14T11:29:34.251224-03:00","ip":"131.161.209.8","ultima_edicao":"2025-08-14T11:29:33.124436-03:00","tipo":14,"regime_tramitacao":3,"tipo_origem_externa":null,"local_origem_externa":null,"user":3,"anexadas":[],"autores":[73]}