{"id":3760,"__str__":"Requerimento n\u00ba 430 de 2025","link_detail_backend":"/materia/3760","metadata":{"signs":{"texto_original":{"admin":[],"autores":[["Agnielde Benici Adorno",["2025-08-12T20:06:01-04:00","ICP-Brasil - Certificado PF A1"]],["Alessandra Varelo de Brito",["2025-08-12T20:05:12-04:00","ICP-Brasil - Certificado PF A1"]],["Braz Carlos Correia",["2025-08-12T20:07:52-04:00","ICP-Brasil - Certificado PF A1"]],["Eber Lopes Reis",["2025-08-12T20:16:26-04:00","ICP-Brasil - Certificado PF A1"]],["Geferson dos Santos",["2025-08-12T20:04:24-04:00","ICP-Brasil - Certificado PF A1"]],["Hermes Bordignon",["2025-08-12T20:09:00-04:00","ICP-Brasil - Certificado PF A1"]],["Jorge Antonio Honorato de Souza",["2025-08-12T20:10:04-04:00","ICP-Brasil - Certificado PF A1"]],["Marcio Domingos dos Santos",["2025-08-12T20:13:21-04:00","ICP-Brasil - Certificado PF A1"]],["Marcio Souza Magalhaes",["2025-08-12T20:03:09-04:00","ICP-Brasil - Certificado PF A1"]],["Ozias Alves dos Santos",["2025-08-12T20:14:52-04:00","ICP-Brasil - Certificado PF A1"]]]}}},"numero":430,"ano":2025,"numero_protocolo":494,"data_apresentacao":"2025-08-08","tipo_apresentacao":"","data_publicacao":null,"numero_origem_externa":"","ano_origem_externa":null,"data_origem_externa":null,"apelido":"","dias_prazo":null,"data_fim_prazo":null,"em_tramitacao":false,"polemica":false,"objeto":"","complementar":false,"ementa":"Requer a repara\u00e7\u00e3o e incorpora\u00e7\u00e3o do quinqu\u00eanio ao sal\u00e1rio base dos servidores p\u00fablicos municipais.","indexacao":"","observacao":"","resultado":"","texto_original":"http://sapl.saofranciscodoguapore.ro.leg.br/media/sapl/public/materialegislativa/2025/3760/requerimento_430-2025_profmarcio_assinado.pdf","data_ultima_atualizacao":"2025-08-14T11:11:50.618954-03:00","ip":"131.161.209.8","ultima_edicao":"2025-08-14T11:11:49.575293-03:00","tipo":14,"regime_tramitacao":3,"tipo_origem_externa":null,"local_origem_externa":null,"user":3,"anexadas":[],"autores":[73]}