{"id":3756,"__str__":"Mo\u00e7\u00e3o de Aplausos n\u00ba 9 de 2025","link_detail_backend":"/materia/3756","metadata":{"signs":{"texto_original":{"admin":[],"autores":[["Agnielde Benici Adorno",["2025-08-14T12:34:51-04:00","ICP-Brasil - Certificado PF A1"]],["Alessandra Varelo de Brito",["2025-08-14T12:41:19-04:00","ICP-Brasil - Certificado PF A1"]],["Braz Carlos Correia",["2025-08-14T12:42:51-04:00","ICP-Brasil - Certificado PF A1"]],["Eber Lopes Reis",["2025-08-14T12:28:57-04:00","ICP-Brasil - Certificado PF A1"]],["Geferson dos Santos",["2025-08-14T12:40:30-04:00","ICP-Brasil - Certificado PF A1"]],["Hermes Bordignon",["2025-08-14T12:43:50-04:00","ICP-Brasil - Certificado PF A1"]],["Jorge Antonio Honorato de Souza",["2025-08-14T12:34:10-04:00","ICP-Brasil - Certificado PF A1"]],["Marcio Domingos dos Santos",["2025-08-14T12:35:31-04:00","ICP-Brasil - Certificado PF A1"]],["Marcio Souza Magalhaes",["2025-08-14T12:29:32-04:00","ICP-Brasil - Certificado PF A1"]],["Ozias Alves dos Santos",["2025-08-14T12:45:35-04:00","ICP-Brasil - Certificado PF A1"]]]}}},"numero":9,"ano":2025,"numero_protocolo":null,"data_apresentacao":"2025-08-07","tipo_apresentacao":"E","data_publicacao":"2025-08-07","numero_origem_externa":"09","ano_origem_externa":2025,"data_origem_externa":"2025-08-07","apelido":"","dias_prazo":null,"data_fim_prazo":"2025-08-07","em_tramitacao":false,"polemica":false,"objeto":"","complementar":true,"ementa":"\"Mo\u00e7\u00e3o de aplausos em reconhecimento p\u00fablico ao Excelent\u00edssimo Senhor Deputado Federal Eur\u00edpedes Clemente Lebr\u00e3o, pelos relevantes servi\u00e7os prestados \u00e0 sociedade rondoniense, em especial ao povo de S\u00e3o Francisco do Guapor\u00e9 e da regi\u00e3o da BR-429.\"","indexacao":"Mo\u00e7\u00e3o de aplausos em reconhecimento p\u00fablico ao Excelent\u00edssimo Senhor Deputado Federal Eur\u00edpedes Clemente Lebr\u00e3o","observacao":"Mo\u00e7\u00e3o de aplausos em reconhecimento p\u00fablico ao Excelent\u00edssimo Senhor Deputado Federal Eur\u00edpedes Clemente Lebr\u00e3o","resultado":"","texto_original":"http://sapl.saofranciscodoguapore.ro.leg.br/media/sapl/public/materialegislativa/2025/3756/mocao_no_009-25_-_eber_profmarcio_jorge_agnielde_marcio_assinado.pdf","data_ultima_atualizacao":"2025-08-14T13:54:25.579721-03:00","ip":"131.161.209.8","ultima_edicao":"2025-08-14T13:54:24.607181-03:00","tipo":6,"regime_tramitacao":3,"tipo_origem_externa":6,"local_origem_externa":3,"user":3,"anexadas":[],"autores":[70,74,71,63,73]}