{"id":3744,"__str__":"Requerimento n\u00ba 426 de 2025","link_detail_backend":"/materia/3744","metadata":{"signs":{"texto_original":{"admin":[],"autores":[["Agnielde Benici Adorno",["2025-08-12T13:58:27-04:00","ICP-Brasil - Certificado PF A1"]],["Alessandra Varelo de Brito",["2025-08-12T13:57:27-04:00","ICP-Brasil - Certificado PF A1"]],["Braz Carlos Correia",["2025-08-12T14:00:33-04:00","ICP-Brasil - Certificado PF A1"]],["Eber Lopes Reis",["2025-08-12T14:07:59-04:00","ICP-Brasil - Certificado PF A1"]],["Geferson dos Santos",["2025-08-12T13:56:28-04:00","ICP-Brasil - Certificado PF A1"]],["Hermes Bordignon",["2025-08-12T14:02:04-04:00","ICP-Brasil - Certificado PF A1"]],["Jorge Antonio Honorato de Souza",["2025-08-12T14:03:38-04:00","ICP-Brasil - Certificado PF A1"]],["Marcio Domingos dos Santos",["2025-08-12T14:06:05-04:00","ICP-Brasil - Certificado PF A1"]],["Marcio Souza Magalhaes",["2025-08-12T14:10:09-04:00","ICP-Brasil - Certificado PF A1"]],["Ozias Alves dos Santos",["2025-08-12T13:54:34-04:00","ICP-Brasil - Certificado PF A1"]]]}}},"numero":426,"ano":2025,"numero_protocolo":482,"data_apresentacao":"2025-08-06","tipo_apresentacao":"E","data_publicacao":null,"numero_origem_externa":"","ano_origem_externa":null,"data_origem_externa":null,"apelido":"","dias_prazo":null,"data_fim_prazo":null,"em_tramitacao":false,"polemica":false,"objeto":"","complementar":false,"ementa":"Solicita\u00e7\u00e3o de Instala\u00e7\u00e3o de Manilhas na LH-05 lado esquerdo Setor Chacareiro pr\u00f3ximo a propriedade do Deivison.","indexacao":"","observacao":"","resultado":"","texto_original":"http://sapl.saofranciscodoguapore.ro.leg.br/media/sapl/public/materialegislativa/2025/3744/requerimento_426-2025_ozias_assinado.pdf","data_ultima_atualizacao":"2025-08-14T11:09:19.100823-03:00","ip":"131.161.209.8","ultima_edicao":"2025-08-14T11:09:18.041201-03:00","tipo":14,"regime_tramitacao":3,"tipo_origem_externa":null,"local_origem_externa":null,"user":3,"anexadas":[],"autores":[60]}