{"id":3739,"__str__":"Mo\u00e7\u00e3o de Aplausos n\u00ba 8 de 2025","link_detail_backend":"/materia/3739","metadata":{"signs":{"texto_original":{"admin":[],"autores":[["Agnielde Benici Adorno",["2025-08-14T12:20:56-04:00","ICP-Brasil - Certificado PF A1"]],["Alessandra Varelo de Brito",["2025-08-14T12:20:17-04:00","ICP-Brasil - Certificado PF A1"]],["Braz Carlos Correia",["2025-08-14T12:21:53-04:00","ICP-Brasil - Certificado PF A1"]],["Eber Lopes Reis",["2025-08-14T12:26:32-04:00","ICP-Brasil - Certificado PF A1"]],["Geferson dos Santos",["2025-08-14T12:19:34-04:00","ICP-Brasil - Certificado PF A1"]],["Hermes Bordignon",["2025-08-14T12:23:02-04:00","ICP-Brasil - Certificado PF A1"]],["Jorge Antonio Honorato de Souza",["2025-08-14T12:24:09-04:00","ICP-Brasil - Certificado PF A1"]],["Marcio Domingos dos Santos",["2025-08-14T12:14:16-04:00","ICP-Brasil - Certificado PF A1"]],["Marcio Souza Magalhaes",["2025-08-14T12:27:42-04:00","ICP-Brasil - Certificado PF A1"]],["Ozias Alves dos Santos",["2025-08-14T12:25:14-04:00","ICP-Brasil - Certificado PF A1"]]]}}},"numero":8,"ano":2025,"numero_protocolo":477,"data_apresentacao":"2025-08-06","tipo_apresentacao":"E","data_publicacao":null,"numero_origem_externa":"","ano_origem_externa":null,"data_origem_externa":null,"apelido":"","dias_prazo":null,"data_fim_prazo":null,"em_tramitacao":false,"polemica":false,"objeto":"","complementar":false,"ementa":"MO\u00c7\u00c3O DE APLAUSOS ao senhor Jaime Robaina Fuentes, em reconhecimento \u00e0 sua expressiva trajet\u00f3ria de vida, marcada pelo compromisso com o servi\u00e7o p\u00fablico, dedica\u00e7\u00e3o ao setor produtivo rural e contribui\u00e7\u00e3o direta ao desenvolvimento do munic\u00edpio de S\u00e3o Francisco do Guapor\u00e9 \u2013 RO.","indexacao":"","observacao":"Natural do munic\u00edpio de Maria Helena, no estado do Paran\u00e1, Jaime Robaina Fuentes chegou a S\u00e3o Francisco do Guapor\u00e9 \u2013 RO movido pelo desejo de construir uma vida de trabalho, dignidade e contribui\u00e7\u00e3o \u00e0 sociedade. Desde sua chegada, destacou-se como comerciante e, posteriormente, como agricultor, tornando-se uma refer\u00eancia na agricultura familiar e entre os pequenos produtores rurais da regi\u00e3o.\r\nCasado com a senhora Maria de F\u00e1tima Fuentes, \u00e9 pai dedicado de tr\u00eas filhos: Diones, Deisy e Kamylla, alicerces importantes de sua vida pessoal e motivo de orgulho em sua trajet\u00f3ria.\r\nNa vida p\u00fablica, construiu um legado not\u00e1vel, tendo exercido o cargo de Vereador Municipal, onde tamb\u00e9m atuou como Segundo Secret\u00e1rio da Mesa Diretora da C\u00e2mara Municipal, exercendo suas fun\u00e7\u00f5es com responsabilidade e zelo pelos interesses do povo. Ao longo dos anos, ocupou cargos estrat\u00e9gicos no Executivo Municipal, como Secret\u00e1rio das Pastas de Agricultura, Obras, Meio Ambiente e Administra\u00e7\u00e3o, conduzindo importantes a\u00e7\u00f5es que resultaram em avan\u00e7os concretos para o munic\u00edpio.\r\nEntre os anos de 2021 a 2024, assumiu a fun\u00e7\u00e3o de Vice-Prefeito de S\u00e3o Francisco do Guapor\u00e9, representando o partido MDB (Movimento Democr\u00e1tico Brasileiro). Durante seu mandato, fortaleceu a rela\u00e7\u00e3o entre a administra\u00e7\u00e3o p\u00fablica e as comunidades rurais, promovendo o desenvolvimento de pol\u00edticas p\u00fablicas voltadas \u00e0 produ\u00e7\u00e3o agr\u00edcola, infraestrutura e melhoria da qualidade de vida da popula\u00e7\u00e3o.\r\nHomem de postura simples, \u00edntegra e comprometida, Jaime \u00e9 amplamente reconhecido pela sua capacidade de di\u00e1logo, esp\u00edrito coletivo e dedica\u00e7\u00e3o ininterrupta ao progresso da cidade. Sua hist\u00f3ria inspira e serve como exemplo de lideran\u00e7a honrada e servi\u00e7o p\u00fablico respons\u00e1vel.\r\nPor todos esses motivos, esta Mo\u00e7\u00e3o de Aplausos \u00e9 uma singela, mas merecida homenagem de reconhecimento da C\u00e2mara Municipal de S\u00e3o Francisco do Guapor\u00e9 a um cidad\u00e3o que tanto contribuiu e continua contribuindo para o desenvolvimento econ\u00f4mico e social do nosso munic\u00edpio.","resultado":"","texto_original":"http://sapl.saofranciscodoguapore.ro.leg.br/media/sapl/public/materialegislativa/2025/3739/mocao_no_008-25_-_marcio_assinado.pdf","data_ultima_atualizacao":"2025-08-14T13:53:59.579944-03:00","ip":"131.161.209.8","ultima_edicao":"2025-08-14T13:53:58.631028-03:00","tipo":6,"regime_tramitacao":3,"tipo_origem_externa":null,"local_origem_externa":null,"user":3,"anexadas":[],"autores":[71]}