{"id":3736,"__str__":"Requerimento n\u00ba 423 de 2025","link_detail_backend":"/materia/3736","metadata":{"signs":{"texto_original":{"admin":[],"autores":[["Agnielde Benici Adorno",["2025-08-12T13:22:25-04:00","ICP-Brasil - Certificado PF A1"]],["Alessandra Varelo de Brito",["2025-08-12T13:21:39-04:00","ICP-Brasil - Certificado PF A1"]],["Braz Carlos Correia",["2025-08-12T13:23:26-04:00","ICP-Brasil - Certificado PF A1"]],["Eber Lopes Reis",["2025-08-12T13:33:01-04:00","ICP-Brasil - Certificado PF A1"]],["Geferson dos Santos",["2025-08-12T13:21:11-04:00","ICP-Brasil - Certificado PF A1"]],["Hermes Bordignon",["2025-08-12T13:24:04-04:00","ICP-Brasil - Certificado PF A1"]],["Jorge Antonio Honorato de Souza",["2025-08-12T13:25:09-04:00","ICP-Brasil - Certificado PF A1"]],["Marcio Domingos dos Santos",["2025-08-12T13:20:45-04:00","ICP-Brasil - Certificado PF A1"]],["Marcio Souza Magalhaes",["2025-08-12T13:34:48-04:00","ICP-Brasil - Certificado PF A1"]],["Ozias Alves dos Santos",["2025-08-12T13:26:44-04:00","ICP-Brasil - Certificado PF A1"]]]}}},"numero":423,"ano":2025,"numero_protocolo":474,"data_apresentacao":"2025-08-01","tipo_apresentacao":"E","data_publicacao":null,"numero_origem_externa":"","ano_origem_externa":null,"data_origem_externa":null,"apelido":"","dias_prazo":null,"data_fim_prazo":null,"em_tramitacao":false,"polemica":false,"objeto":"","complementar":false,"ementa":"Requer a contrata\u00e7\u00e3o de especialistas m\u00e9dicos e amplia\u00e7\u00e3o da oferta de exames no munic\u00edpio.","indexacao":"","observacao":"A presente solicita\u00e7\u00e3o visa garantir o acesso da popula\u00e7\u00e3o a atendimentos m\u00e9dicos especializados, bem como \u00e0 realiza\u00e7\u00e3o de exames essenciais para diagn\u00f3stico e preven\u00e7\u00e3o de doen\u00e7as. Muitos pacientes t\u00eam enfrentado dificuldades devido \u00e0 inexist\u00eancia ou \u00e0 limita\u00e7\u00e3o de tais servi\u00e7os na rede p\u00fablica municipal, sendo obrigados a se deslocar para outros munic\u00edpios, o que acarreta custos e transtornos, especialmente para pessoas de baixa renda.\r\nAssim, solicitamos a contrata\u00e7\u00e3o de profissionais e a viabiliza\u00e7\u00e3o dos seguintes atendimentos e exames:\r\n1. Contrata\u00e7\u00e3o de m\u00e9dicos especialistas:\r\n\u2022\tCardiologista presencial;\r\n\u2022\tOftalmologista.\r\n2. Exames cardiol\u00f3gicos e procedimentos especializados:\r\n\u2022\tEletrocardiograma;\r\n\u2022\tM.A.P.A. Central (Monitoramento Ambulatorial da Press\u00e3o Arterial);\r\n\u2022\tHolter 24 horas;\r\n\u2022\tTeste ergom\u00e9trico;\r\n\u2022\tAvalia\u00e7\u00e3o para risco cir\u00fargico.\r\n3. Exames de m\u00e9dia e alta complexidade:\r\n\u2022\tEndoscopia digestiva alta;\r\n\u2022\tColonoscopia;\r\n\u2022\tUltrassonografia com Doppler venosa;\r\n\u2022\tDensitometria \u00f3ssea;\r\n\u2022\tResson\u00e2ncia magn\u00e9tica com seda\u00e7\u00e3o (especialmente para p\u00fablico infantil).\r\n\r\nO investimento nestas \u00e1reas reflete o compromisso com a qualidade de vida, preven\u00e7\u00e3o de doen\u00e7as, diagn\u00f3stico precoce e efici\u00eancia no atendimento \u00e0 sa\u00fade p\u00fablica, atendendo diretamente \u00e0s necessidades da nossa comunidade.","resultado":"","texto_original":"http://sapl.saofranciscodoguapore.ro.leg.br/media/sapl/public/materialegislativa/2025/3736/requerimento_423-2025_marcio_assinado.pdf","data_ultima_atualizacao":"2025-08-14T11:07:40.306866-03:00","ip":"131.161.209.8","ultima_edicao":"2025-08-14T11:07:39.218083-03:00","tipo":14,"regime_tramitacao":3,"tipo_origem_externa":null,"local_origem_externa":null,"user":3,"anexadas":[],"autores":[71]}