{"id":3735,"__str__":"Requerimento n\u00ba 422 de 2025","link_detail_backend":"/materia/3735","metadata":{"signs":{"texto_original":{"admin":[],"autores":[["Agnielde Benici Adorno",["2025-08-12T13:06:43-04:00","ICP-Brasil - Certificado PF A1"]],["Alessandra Varelo de Brito",["2025-08-12T13:05:54-04:00","ICP-Brasil - Certificado PF A1"]],["Eber Lopes Reis",["2025-08-12T13:17:09-04:00","ICP-Brasil - Certificado PF A1"]],["Geferson dos Santos",["2025-08-12T13:05:17-04:00","ICP-Brasil - Certificado PF A1"]],["Hermes Bordignon",["2025-08-12T13:09:20-04:00","ICP-Brasil - Certificado PF A1"]],["Jorge Antonio Honorato de Souza",["2025-08-12T13:13:27-04:00","ICP-Brasil - Certificado PF A1"]],["Marcio Domingos dos Santos",["2025-08-12T13:04:25-04:00","ICP-Brasil - Certificado PF A1"]],["Marcio Souza Magalhaes",["2025-08-12T13:15:34-04:00","ICP-Brasil - Certificado PF A1"]],["Ozias Alves dos Santos",["2025-08-12T13:14:28-04:00","ICP-Brasil - Certificado PF A1"]]]}}},"numero":422,"ano":2025,"numero_protocolo":473,"data_apresentacao":"2025-08-01","tipo_apresentacao":"E","data_publicacao":null,"numero_origem_externa":"","ano_origem_externa":null,"data_origem_externa":null,"apelido":"","dias_prazo":null,"data_fim_prazo":null,"em_tramitacao":false,"polemica":false,"objeto":"","complementar":false,"ementa":"Requer a implanta\u00e7\u00e3o de um redutor de velocidade (quebra-molas) na Rua Presidente Costa e Silva, esquina com a Rua Ronaldo Arag\u00e3o, em frente \u00e0 Casa do Milho, localizada no bairro Centro, neste munic\u00edpio de S\u00e3o Francisco do Guapor\u00e9\u2013 RO.","indexacao":"","observacao":"A solicita\u00e7\u00e3o atende a um pedido dos moradores e comerciantes da localidade, tendo em vista o intenso fluxo de ve\u00edculos e o excesso de velocidade praticado por condutores no referido trecho. A implanta\u00e7\u00e3o do quebra-molas visa garantir maior seguran\u00e7a aos pedestres, moradores e frequentadores do com\u00e9rcio local, especialmente em frente \u00e0 Casa do Milho, onde h\u00e1 constante movimenta\u00e7\u00e3o de pessoas, incluindo crian\u00e7as e idosos.\r\nDiante do exposto, e considerando a import\u00e2ncia da medida para a preven\u00e7\u00e3o de acidentes e melhoria da mobilidade urbana com seguran\u00e7a, solicito urg\u00eancia na an\u00e1lise e execu\u00e7\u00e3o desta demanda.","resultado":"","texto_original":"http://sapl.saofranciscodoguapore.ro.leg.br/media/sapl/public/materialegislativa/2025/3735/requerimento_422-2025_marcio_assinado.pdf","data_ultima_atualizacao":"2025-08-14T11:07:51.754248-03:00","ip":"131.161.209.8","ultima_edicao":"2025-08-14T11:07:50.784658-03:00","tipo":14,"regime_tramitacao":3,"tipo_origem_externa":null,"local_origem_externa":null,"user":3,"anexadas":[],"autores":[71]}