{"id":3690,"__str__":"Projeto de Lei n\u00ba 72 de 2025","link_detail_backend":"/materia/3690","metadata":{"signs":{"texto_original":{"admin":[],"autores":[["Agnielde Benici Adorno",["2025-07-14T09:57:33-04:00","ICP-Brasil - Certificado PF A1"]],["Alessandra Varelo de Brito",["2025-07-14T09:56:38-04:00","ICP-Brasil - Certificado PF A1"]],["Braz Carlos Correia",["2025-07-14T09:58:16-04:00","ICP-Brasil - Certificado PF A1"]],["Eber Lopes Reis",["2025-07-14T10:03:38-04:00","ICP-Brasil - Certificado PF A1"]],["Elias Andrade de Lima",["2025-07-14T09:59:03-04:00","ICP-Brasil - Certificado PF A1"]],["Geferson dos Santos",["2025-07-14T09:56:00-04:00","ICP-Brasil - Certificado PF A1"]],["Jorge Antonio Honorato de Souza",["2025-07-14T09:59:59-04:00","ICP-Brasil - Certificado PF A1"]],["Marcio Domingos dos Santos",["2025-07-14T10:01:03-04:00","ICP-Brasil - Certificado PF A1"]],["Ozias Alves dos Santos",["2025-07-14T10:02:07-04:00","ICP-Brasil - Certificado PF A1"]]]}}},"numero":72,"ano":2025,"numero_protocolo":435,"data_apresentacao":"2025-07-04","tipo_apresentacao":"E","data_publicacao":null,"numero_origem_externa":"","ano_origem_externa":null,"data_origem_externa":null,"apelido":"","dias_prazo":null,"data_fim_prazo":null,"em_tramitacao":false,"polemica":false,"objeto":"","complementar":false,"ementa":"\u201cDisp\u00f5e sobre Inclus\u00e3o e Altera\u00e7\u00f5es no PPA, LDO e LOA, e Autoriza o Poder Executivo a Abertura de Cr\u00e9dito Adicional Especial por Super\u00e1vit Financeiro at\u00e9 o montante de R$ 1.319.571,16 (um milh\u00e3o trezentos e dezenove mil quinhentos e setenta e um reais e dezesseis centavos) em favor da unidade Or\u00e7ament\u00e1ria da Secretaria Municipal de Educa\u00e7\u00e3o e Cultura - SEMEC, no Or\u00e7amento Vigente, e d\u00e1 outras provid\u00eancias\"","indexacao":"Quest\u00e3o or\u00e7amentaria dar\u00e1 atrav\u00e9s da cria\u00e7\u00e3o de ficha respeitando a categoria econ\u00f4mica, necess\u00e1ria para cumprir com o projeto novas turmas\r\natendendo a Creche e a Pr\u00e9-Escola, programa do governo federal visando aprimorar a qualidade e ensino aonde ser\u00e3o realizadas as atividades educacionais, com recursos destinados especificamente a educa\u00e7\u00e3o infantil, sendo para aquisi\u00e7\u00e3o de livros, materiais did\u00e1ticos e parques projetos cadastrados pelo governo.","observacao":"","resultado":"","texto_original":"http://sapl.saofranciscodoguapore.ro.leg.br/media/sapl/public/materialegislativa/2025/3690/pl_no.072-2025_assinado.pdf","data_ultima_atualizacao":"2025-08-07T12:17:59.972781-03:00","ip":"131.161.209.8","ultima_edicao":"2025-07-14T12:50:25.060466-03:00","tipo":9,"regime_tramitacao":3,"tipo_origem_externa":null,"local_origem_externa":null,"user":3,"anexadas":[],"autores":[69]}