{"id":3689,"__str__":"Projeto de Lei n\u00ba 71 de 2025","link_detail_backend":"/materia/3689","metadata":{"signs":{"texto_original":{"admin":[],"autores":[["Agnielde Benici Adorno",["2025-07-14T09:57:24-04:00","ICP-Brasil - Certificado PF A1"]],["Alessandra Varelo de Brito",["2025-07-14T09:56:32-04:00","ICP-Brasil - Certificado PF A1"]],["Braz Carlos Correia",["2025-07-14T09:58:06-04:00","ICP-Brasil - Certificado PF A1"]],["Eber Lopes Reis",["2025-07-14T10:03:14-04:00","ICP-Brasil - Certificado PF A1"]],["Elias Andrade de Lima",["2025-07-14T09:58:50-04:00","ICP-Brasil - Certificado PF A1"]],["Geferson dos Santos",["2025-07-14T09:55:56-04:00","ICP-Brasil - Certificado PF A1"]],["Jorge Antonio Honorato de Souza",["2025-07-14T09:59:43-04:00","ICP-Brasil - Certificado PF A1"]],["Marcio Domingos dos Santos",["2025-07-14T10:00:46-04:00","ICP-Brasil - Certificado PF A1"]],["Ozias Alves dos Santos",["2025-07-14T10:01:48-04:00","ICP-Brasil - Certificado PF A1"]]]}}},"numero":71,"ano":2025,"numero_protocolo":434,"data_apresentacao":"2025-07-04","tipo_apresentacao":"E","data_publicacao":null,"numero_origem_externa":"","ano_origem_externa":null,"data_origem_externa":null,"apelido":"","dias_prazo":null,"data_fim_prazo":null,"em_tramitacao":false,"polemica":false,"objeto":"","complementar":false,"ementa":"\u201cDisp\u00f5e sobre Inclus\u00e3o e Altera\u00e7\u00f5es no PPA, LDO e LOA, e Autoriza o Poder Executivo a Abertura de Cr\u00e9dito Adicional Especial por Super\u00e1vit Financeiro at\u00e9 o montante de R$ 463.072,90 (quatrocentos e sessenta e tr\u00eas mil setenta e dois reais e noventa centavos) em favor da unidade or\u00e7amentaria da Secretaria Municipal de Educa\u00e7\u00e3o e Cultura - SEMEC, no Or\u00e7amento Vigente, e d\u00e1 outras provid\u00eancias\"","indexacao":"Quest\u00e3o or\u00e7amentaria dar\u00e1 atrav\u00e9s da cria\u00e7\u00e3o de ficha respeitando a categoria econ\u00f4mica, necess\u00e1ria para cumprir com a cria\u00e7\u00e3o do programa escola\r\ntempo integral atendendo a Creche Municipal OLAIZA DA CRUZ, e Escola Municipal CLODOALDO SPLICIGO, programa do governo federal visando aprimorar a qualidade e ensino aonde ser\u00e3o realizadas as atividades educacionais, oferecendo uma jornada escolar estendida, com atividades em dois turnos, com objetivo de proporcionar uma forma\u00e7\u00e3o mais completa aos estudantes. Essa modalidade busca al\u00e9m do aprendizado tradicional, promove o desenvolvimento de habilidades em diferentes \u00e1reas de conhecimentos como atividades culturais, art\u00edsticas, lazer e organiza\u00e7\u00e3o social.","observacao":"","resultado":"","texto_original":"http://sapl.saofranciscodoguapore.ro.leg.br/media/sapl/public/materialegislativa/2025/3689/pl_no.071-2025_assinado.pdf","data_ultima_atualizacao":"2025-08-07T12:13:54.612277-03:00","ip":"131.161.209.8","ultima_edicao":"2025-07-14T12:50:16.026273-03:00","tipo":9,"regime_tramitacao":3,"tipo_origem_externa":null,"local_origem_externa":null,"user":3,"anexadas":[],"autores":[69]}