{"id":3685,"__str__":"Projeto de Lei Complementar n\u00ba 8 de 2025","link_detail_backend":"/materia/3685","metadata":{"signs":{"texto_original":{"admin":[],"autores":[["Agnielde Benici Adorno",["2025-07-01T12:01:48-04:00","ICP-Brasil - Certificado PF A1"]],["Alessandra Varelo de Brito",["2025-07-01T12:01:15-04:00","ICP-Brasil - Certificado PF A1"]],["Braz Carlos Correia",["2025-07-01T12:02:59-04:00","ICP-Brasil - Certificado PF A1"]],["Elias Andrade de Lima",["2025-07-01T12:04:46-04:00","ICP-Brasil - Certificado PF A1"]],["Geferson dos Santos",["2025-07-01T12:00:46-04:00","ICP-Brasil - Certificado PF A1"]],["Hermes Bordignon",["2025-07-01T12:06:12-04:00","ICP-Brasil - Certificado PF A1"]],["Jorge Antonio Honorato de Souza",["2025-07-01T12:07:29-04:00","ICP-Brasil - Certificado PF A1"]],["Marcio Souza Magalhaes",["2025-07-01T12:10:56-04:00","ICP-Brasil - Certificado PF A1"]],["Ozias Alves dos Santos",["2025-07-01T12:09:48-04:00","ICP-Brasil - Certificado PF A1"]]]}}},"numero":8,"ano":2025,"numero_protocolo":null,"data_apresentacao":"2025-06-30","tipo_apresentacao":"E","data_publicacao":null,"numero_origem_externa":"8","ano_origem_externa":2025,"data_origem_externa":null,"apelido":"","dias_prazo":null,"data_fim_prazo":null,"em_tramitacao":false,"polemica":false,"objeto":"","complementar":false,"ementa":"\"Altera a Estrutura Administrativa do Munic\u00edpio de S\u00e3o Francisco do Guapor\u00e9 e d\u00e1 outras provid\u00eancias\".","indexacao":"Estrutura Administrativa (Cargos Comissionados, Portarias), da Administra\u00e7\u00e3o Municipal;","observacao":"","resultado":"","texto_original":"http://sapl.saofranciscodoguapore.ro.leg.br/media/sapl/public/materialegislativa/2025/3685/plc_no.08-2025_assinado.pdf","data_ultima_atualizacao":"2025-07-08T10:34:14.951140-03:00","ip":"131.161.209.8","ultima_edicao":"2025-07-01T14:22:00.309388-03:00","tipo":10,"regime_tramitacao":3,"tipo_origem_externa":10,"local_origem_externa":null,"user":3,"anexadas":[],"autores":[69]}