{"id":3665,"__str__":"Indica\u00e7\u00e3o n\u00ba 14 de 2025","link_detail_backend":"/materia/3665","metadata":{"signs":{"texto_original":{"admin":[],"autores":[["Agnielde Benici Adorno",["2025-07-02T09:39:40-04:00","ICP-Brasil - Certificado PF A1"]],["Alessandra Varelo de Brito",["2025-07-02T09:38:54-04:00","ICP-Brasil - Certificado PF A1"]],["Braz Carlos Correia",["2025-07-02T09:40:39-04:00","ICP-Brasil - Certificado PF A1"]],["Eber Lopes Reis",["2025-07-02T09:46:58-04:00","ICP-Brasil - Certificado PF A1"]],["Elias Andrade de Lima",["2025-07-02T09:48:26-04:00","ICP-Brasil - Certificado PF A1"]],["Geferson dos Santos",["2025-07-02T09:37:53-04:00","ICP-Brasil - Certificado PF A1"]],["Hermes Bordignon",["2025-07-02T09:41:46-04:00","ICP-Brasil - Certificado PF A1"]],["Jorge Antonio Honorato de Souza",["2025-07-02T09:42:52-04:00","ICP-Brasil - Certificado PF A1"]],["Marcio Domingos dos Santos",["2025-07-02T09:44:13-04:00","ICP-Brasil - Certificado PF A1"]],["Marcio Souza Magalhaes",["2025-07-02T09:45:21-04:00","ICP-Brasil - Certificado PF A1"]],["Ozias Alves dos Santos",["2025-07-02T09:35:37-04:00","ICP-Brasil - Certificado PF A1"]]]}}},"numero":14,"ano":2025,"numero_protocolo":412,"data_apresentacao":"2025-06-26","tipo_apresentacao":"E","data_publicacao":null,"numero_origem_externa":"","ano_origem_externa":null,"data_origem_externa":null,"apelido":"","dias_prazo":null,"data_fim_prazo":null,"em_tramitacao":true,"polemica":false,"objeto":"","complementar":false,"ementa":"Indicar a Vossa Excel\u00eancia, a altera\u00e7\u00e3o da Lei Complementar n\u00ba 094/2022, adequ\u00e1-la \u00e0 Lei Federal n\u00ba12.994/2014, para reajustar o piso salarial dos Agentes Comunit\u00e1rios de Sa\u00fade e dos Agentes de Combate \u00e0s Endemias.","indexacao":"","observacao":"","resultado":"","texto_original":"http://sapl.saofranciscodoguapore.ro.leg.br/media/sapl/public/materialegislativa/2025/3665/mocao_no_006-25_-_ozias_assinado.pdf","data_ultima_atualizacao":"2025-07-02T13:29:58.520145-03:00","ip":"131.161.209.8","ultima_edicao":"2025-07-02T13:29:57.461400-03:00","tipo":5,"regime_tramitacao":3,"tipo_origem_externa":null,"local_origem_externa":null,"user":3,"anexadas":[],"autores":[60]}