{"id":3648,"__str__":"Requerimento n\u00ba 374 de 2025","link_detail_backend":"/materia/3648","metadata":{"signs":{"texto_original":{"admin":[],"autores":[["Agnielde Benici Adorno",["2025-06-23T22:13:50-04:00","ICP-Brasil - Certificado PF A1"]],["Alessandra Varelo de Brito",["2025-06-23T22:13:10-04:00","ICP-Brasil - Certificado PF A1"]],["Braz Carlos Correia",["2025-06-23T22:14:31-04:00","ICP-Brasil - Certificado PF A1"]],["Eber Lopes Reis",["2025-06-23T22:21:06-04:00","ICP-Brasil - Certificado PF A1"]],["Elias Andrade de Lima",["2025-06-23T22:15:21-04:00","ICP-Brasil - Certificado PF A1"]],["Geferson dos Santos",["2025-06-23T22:12:31-04:00","ICP-Brasil - Certificado PF A1"]],["Hermes Bordignon",["2025-06-23T22:16:11-04:00","ICP-Brasil - Certificado PF A1"]],["Jorge Antonio Honorato de Souza",["2025-06-23T22:17:08-04:00","ICP-Brasil - Certificado PF A1"]],["Marcio Domingos dos Santos",["2025-06-23T22:11:57-04:00","ICP-Brasil - Certificado PF A1"]],["Marcio Souza Magalhaes",["2025-06-23T22:22:24-04:00","ICP-Brasil - Certificado PF A1"]],["Ozias Alves dos Santos",["2025-06-23T22:19:42-04:00","ICP-Brasil - Certificado PF A1"]]]}}},"numero":374,"ano":2025,"numero_protocolo":399,"data_apresentacao":"2025-06-18","tipo_apresentacao":"E","data_publicacao":null,"numero_origem_externa":"","ano_origem_externa":null,"data_origem_externa":null,"apelido":"","dias_prazo":null,"data_fim_prazo":null,"em_tramitacao":false,"polemica":false,"objeto":"","complementar":false,"ementa":"Requer a realiza\u00e7\u00e3o de servi\u00e7os de aterramento dos terrenos residenciais afetados pela eleva\u00e7\u00e3o do n\u00edvel das ruas ap\u00f3s pavimenta\u00e7\u00e3o asf\u00e1ltica, em S\u00e3o Francisco do Guapor\u00e9.","indexacao":"","observacao":"Com a realiza\u00e7\u00e3o das recentes obras de pavimenta\u00e7\u00e3o asf\u00e1ltica em diversas ruas do nosso munic\u00edpio, muitos moradores foram beneficiados com a melhoria na infraestrutura urbana, o que representa um avan\u00e7o significativo na qualidade de vida da popula\u00e7\u00e3o local.\r\nContudo, a execu\u00e7\u00e3o do asfalto em n\u00edveis superiores ao dos terrenos das resid\u00eancias gerou um problema t\u00e9cnico que, se n\u00e3o solucionado com urg\u00eancia, poder\u00e1 causar s\u00e9rios transtornos no pr\u00f3ximo per\u00edodo chuvoso. Os terrenos mais baixos tendem a acumular \u00e1gua da chuva, provocando alagamentos nos quintais, eros\u00f5es, danos estruturais e at\u00e9 mesmo colocando em risco a sa\u00fade p\u00fablica, pela possibilidade de prolifera\u00e7\u00e3o de insetos transmissores de doen\u00e7as.\r\nAdemais, muitos desses moradores n\u00e3o possuem condi\u00e7\u00f5es financeiras para arcar com o custo de aterramento por conta pr\u00f3pria, sendo essa uma situa\u00e7\u00e3o cuja responsabilidade recai sobre o poder p\u00fablico, uma vez que o desn\u00edvel foi ocasionado por uma obra p\u00fablica de interesse coletivo.\r\nDestaca-se que a realiza\u00e7\u00e3o desse servi\u00e7o de forma preventiva evitar\u00e1 futuros preju\u00edzos aos moradores e at\u00e9 mesmo despesas adicionais ao munic\u00edpio com reparos emergenciais, demandas judiciais e eventuais indeniza\u00e7\u00f5es.","resultado":"","texto_original":"http://sapl.saofranciscodoguapore.ro.leg.br/media/sapl/public/materialegislativa/2025/3648/requerimento_no.374-2025-marcio_assinado.pdf","data_ultima_atualizacao":"2025-06-24T10:31:38.408569-03:00","ip":"131.161.209.8","ultima_edicao":"2025-06-24T10:31:37.129772-03:00","tipo":14,"regime_tramitacao":3,"tipo_origem_externa":null,"local_origem_externa":null,"user":3,"anexadas":[],"autores":[71]}