{"id":3647,"__str__":"Indica\u00e7\u00e3o n\u00ba 13 de 2025","link_detail_backend":"/materia/3647","metadata":{"signs":{"texto_original":{"admin":[],"autores":[["Agnielde Benici Adorno",["2025-06-23T21:55:53-04:00","ICP-Brasil - Certificado PF A1"]],["Alessandra Varelo de Brito",["2025-06-23T21:55:08-04:00","ICP-Brasil - Certificado PF A1"]],["Braz Carlos Correia",["2025-06-23T21:56:54-04:00","ICP-Brasil - Certificado PF A1"]],["Eber Lopes Reis",["2025-06-23T22:03:41-04:00","ICP-Brasil - Certificado PF A1"]],["Elias Andrade de Lima",["2025-06-23T21:58:12-04:00","ICP-Brasil - Certificado PF A1"]],["Geferson dos Santos",["2025-06-23T21:54:27-04:00","ICP-Brasil - Certificado PF A1"]],["Hermes Bordignon",["2025-06-23T21:59:18-04:00","ICP-Brasil - Certificado PF A1"]],["Jorge Antonio Honorato de Souza",["2025-06-23T22:00:53-04:00","ICP-Brasil - Certificado PF A1"]],["Marcio Domingos dos Santos",["2025-06-23T22:02:06-04:00","ICP-Brasil - Certificado PF A1"]],["Marcio Souza Magalhaes",["2025-06-23T22:09:36-04:00","ICP-Brasil - Certificado PF A1"]],["Ozias Alves dos Santos",["2025-06-23T22:05:22-04:00","ICP-Brasil - Certificado PF A1"]]]}}},"numero":13,"ano":2025,"numero_protocolo":398,"data_apresentacao":"2025-06-18","tipo_apresentacao":"E","data_publicacao":null,"numero_origem_externa":"","ano_origem_externa":null,"data_origem_externa":null,"apelido":"","dias_prazo":null,"data_fim_prazo":null,"em_tramitacao":false,"polemica":false,"objeto":"","complementar":false,"ementa":"Indico que seja feito estudo or\u00e7ament\u00e1rio e financeiro juntamente ao Poder Executivo e ao Setor Respons\u00e1vel, a contrata\u00e7\u00e3o da Empresa que ir\u00e1 realizar o Tradicional Evento de Fim de Ano R\u00e9veillon.","indexacao":"","observacao":"Senhor Prefeito, A presente indica\u00e7\u00e3o tem como objetivo O R\u00e9veillon \u00e9 uma festividade aguardada pela popula\u00e7\u00e3o, que sempre foi uma tradi\u00e7\u00e3o realizada em nosso Munic\u00edpio, promovendo lazer, confraterniza\u00e7\u00e3o e fomentando o com\u00e9rcio local e o turismo. A realiza\u00e7\u00e3o do evento de R\u00e9veillon tem como principal objetivo proporcionar um momento de lazer, confraterniza\u00e7\u00e3o e celebra\u00e7\u00e3o para toda a popula\u00e7\u00e3o, marcando a passagem de ano com alegria, uni\u00e3o e esperan\u00e7a por dias melhores, representando uma oportunidade de integra\u00e7\u00e3o comunit\u00e1ria, valoriza\u00e7\u00e3o da cultura local e est\u00edmulo ao com\u00e9rcio e turismo.","resultado":"","texto_original":"http://sapl.saofranciscodoguapore.ro.leg.br/media/sapl/public/materialegislativa/2025/3647/indicacao_no.13-2025-agnielde_assinado.pdf","data_ultima_atualizacao":"2025-06-24T10:30:19.229541-03:00","ip":"131.161.209.8","ultima_edicao":"2025-06-24T10:30:18.051003-03:00","tipo":5,"regime_tramitacao":3,"tipo_origem_externa":null,"local_origem_externa":null,"user":3,"anexadas":[],"autores":[70]}