{"id":3530,"__str__":"Requerimento n\u00ba 290 de 2025","link_detail_backend":"/materia/3530","metadata":{"signs":{"texto_original":{"admin":[],"autores":[["Agnielde Benici Adorno",["2025-05-20T10:18:57-04:00","ICP-Brasil - Certificado PF A1"]],["Eber Lopes Reis",["2025-05-20T10:22:55-04:00","ICP-Brasil - Certificado PF A1"]],["Elias Andrade de Lima",["2025-05-20T10:19:50-04:00","ICP-Brasil - Certificado PF A1"]],["Hermes Bordignon",["2025-05-20T10:20:44-04:00","ICP-Brasil - Certificado PF A1"]],["Jorge Antonio Honorato de Souza",["2025-05-20T10:21:52-04:00","ICP-Brasil - Certificado PF A1"]],["Marcio Domingos dos Santos",["2025-05-20T09:48:29-04:00","ICP-Brasil - Certificado PF A1"]],["Marcio Souza Magalhaes",["2025-05-20T10:24:22-04:00","ICP-Brasil - Certificado PF A1"]]]}}},"numero":290,"ano":2025,"numero_protocolo":292,"data_apresentacao":"2025-05-16","tipo_apresentacao":"E","data_publicacao":null,"numero_origem_externa":"","ano_origem_externa":null,"data_origem_externa":null,"apelido":"","dias_prazo":null,"data_fim_prazo":null,"em_tramitacao":false,"polemica":false,"objeto":"","complementar":false,"ementa":"requer a manuten\u00e7\u00e3o da ilumina\u00e7\u00e3o p\u00fablica e instala\u00e7\u00e3o nos trechos ainda\r\nn\u00e3o contemplados na Avenida Paran\u00e1 - Bairro Alto Alegre em S\u00e3o Francisco do\r\nGuapor\u00e9 - RO.","indexacao":"","observacao":"Venho, por meio deste, respeitosamente apresentar o presente REQUERIMENTO,\r\nsolicitando provid\u00eancias quanto \u00e0 instala\u00e7\u00e3o da rede de ilumina\u00e7\u00e3o p\u00fablica e \u00e0\r\nrealiza\u00e7\u00e3o de reparos nas l\u00e2mpadas apagadas ao longo da Avenida Paran\u00e1,\r\nsituada no Bairro Alto Alegre, neste munic\u00edpio de S\u00e3o Francisco do Guapor\u00e9 \u2013 RO.\r\nA referida via encontra-se atualmente com trechos sem ilumina\u00e7\u00e3o adequada, bem\r\ncomo com diversas l\u00e2mpadas queimadas ou inoperantes, o que tem gerado\r\ninseguran\u00e7a para os moradores, pedestres e motoristas, especialmente no\r\nper\u00edodo noturno. Al\u00e9m dos riscos \u00e0 seguran\u00e7a p\u00fablica, a aus\u00eancia de ilumina\u00e7\u00e3o\r\ncompromete a mobilidade urbana e o bem-estar da popula\u00e7\u00e3o local.\r\nCabe destacar que a ilumina\u00e7\u00e3o p\u00fablica \u00e9 um servi\u00e7o essencial e um direito\r\nassegurado aos cidad\u00e3os, sendo dever do Poder P\u00fablico garantir sua presta\u00e7\u00e3o de\r\nforma eficiente e cont\u00ednua, conforme previsto no artigo 30, inciso V, da Constitui\u00e7\u00e3o\r\nFederal.\r\nDiante do exposto, requer-se:\r\n1. A instala\u00e7\u00e3o da rede de ilumina\u00e7\u00e3o p\u00fablica nos trechos ainda n\u00e3o\r\ncontemplados da Avenida Paran\u00e1, no Bairro Alto Alegre;\r\n2. A realiza\u00e7\u00e3o de reparos imediatos nas lumin\u00e1rias e l\u00e2mpadas queimadas ao\r\nlongo da referida avenida;\r\n3. A inclus\u00e3o dessa demanda no cronograma de manuten\u00e7\u00e3o peri\u00f3dica da rede\r\nde ilumina\u00e7\u00e3o do munic\u00edpio.","resultado":"","texto_original":"http://sapl.saofranciscodoguapore.ro.leg.br/media/sapl/public/materialegislativa/2025/3530/requerimento_no.290-2025-marcio_assinado.pdf","data_ultima_atualizacao":"2025-05-20T11:56:24.737865-03:00","ip":"131.161.209.8","ultima_edicao":"2025-05-20T11:56:23.588048-03:00","tipo":14,"regime_tramitacao":3,"tipo_origem_externa":null,"local_origem_externa":null,"user":3,"anexadas":[],"autores":[71]}